{"id":100,"date":"2024-07-25T00:28:30","date_gmt":"2024-07-25T00:28:30","guid":{"rendered":"https:\/\/www.elregional.cl\/?p=100"},"modified":"2024-07-25T00:28:30","modified_gmt":"2024-07-25T00:28:30","slug":"region-de-valparaiso-ampliara-poligonos-de-fiscalizacion-y-control-a-extranjeros","status":"publish","type":"post","link":"https:\/\/www.elregional.cl\/?p=100","title":{"rendered":"Regi\u00f3n de Valpara\u00edso ampliar\u00e1 pol\u00edgonos de fiscalizaci\u00f3n y control a extranjeros"},"content":{"rendered":"<p>Las medidas, que se enmarcan en el Plan \u00abCalles Sin Violencia\u00bb, permitir\u00e1n \u00abtener una mirada con una profundidad estrat\u00e9gica mayor y ampliar las capacidades\u00bb, destac\u00f3 la delegada Sof\u00eda Gonz\u00e1lez.<\/p>\n<p>Luego del \u00faltimo Comit\u00e9 Policial realizado en la regi\u00f3n de Valpara\u00edso, en el contexto de una serie de<a href=\"https:\/\/www.cooperativa.cl\/noticias\/pais\/region-de-valparaiso\/cuerpo-acribillado-aparecio-al-costado-de-la-ruta-68-en-valparaiso\/2024-07-17\/000926.html\" target=\"_blank\" rel=\"noopener\">\u00a0hechos violentos ocurridos<\/a>,\u00a0<strong>la delegada presidencial<\/strong>,<strong>\u00a0Sof\u00eda Gonz\u00e1lez<\/strong>, inform\u00f3 de\u00a0<strong>dos modificaciones que en la zona se har\u00e1n al Plan \u00abCalles Sin Violencia\u00bb<\/strong>.<\/p>\n<p>\u00abLo que hemos hecho como primera definici\u00f3n es\u00a0<strong>poder ampliar los puntos focalizados en materia de fiscalizaci\u00f3n y patrullajes a pol\u00edgonos<\/strong>. Esta decisi\u00f3n operativa, que ha sido ampliamente revisada por Carabineros, lo que nos permite es\u00a0<strong>tener una mirada con una profundidad estrat\u00e9gica mayor y que nos permite ampliar las capacidades y resultados en esta materia<\/strong>\u00ab, dijo Gonz\u00e1lez.<\/p>\n<p>Agreg\u00f3 que \u00aben segundo lugar, se ha definido aumentar la fiscalizaci\u00f3n en materia de migraci\u00f3n por parte de la PDI.<strong>\u00a0Estas definiciones tienen como principal objetivo mejorar lo que ya se ha estado realizando durante estos meses<\/strong>\u00ab.<\/p>\n<p>simismo, la delegada sostuvo que \u00abla \u00faltima informaci\u00f3n que se ha levantado con la entrega de cifras de parte de Carabineros, de la PDI y de Fiscal\u00eda -y con fecha de corte al 14 de julio-\u00a0<strong>podemos dar cuenta de nueve casos menos de homicidios en la Regi\u00f3n de Valpara\u00edso si hacemos una comparaci\u00f3n entre el a\u00f1o 2023 y 2024<\/strong>\u00ab.<\/p>\n<p>Lo anterior, dijo la autoridad,<strong>\u00a0se traduce en un 12% menos de cr\u00edmenes<\/strong>\u00a0explicando que la diferencia entre cifras -seg\u00fan Fiscal\u00eda, al 30 de junio se ha registrado un aumento de casi un 10%- se debe a distintos criterios y\u00a0temporalidades.<\/p>\n<p>&nbsp;<\/p>\n","protected":false},"excerpt":{"rendered":"<p>Las medidas, que se enmarcan en el Plan \u00abCalles Sin Violencia\u00bb, permitir\u00e1n \u00abtener una mirada con una profundidad estrat\u00e9gica mayor y ampliar las capacidades\u00bb, destac\u00f3 la delegada Sof\u00eda Gonz\u00e1lez. Luego del \u00faltimo Comit\u00e9 Policial realizado en la regi\u00f3n de Valpara\u00edso, en el contexto de una serie de\u00a0hechos violentos ocurridos,\u00a0la delegada presidencial,\u00a0Sof\u00eda Gonz\u00e1lez, inform\u00f3 de\u00a0dos modificaciones &hellip;<\/p>\n","protected":false},"author":2,"featured_media":0,"comment_status":"closed","ping_status":"closed","sticky":false,"template":"","format":"standard","meta":{"footnotes":""},"categories":[3],"tags":[],"class_list":["post-100","post","type-post","status-publish","format-standard","hentry","category-pais"],"_links":{"self":[{"href":"https:\/\/www.elregional.cl\/index.php?rest_route=\/wp\/v2\/posts\/100","targetHints":{"allow":["GET"]}}],"collection":[{"href":"https:\/\/www.elregional.cl\/index.php?rest_route=\/wp\/v2\/posts"}],"about":[{"href":"https:\/\/www.elregional.cl\/index.php?rest_route=\/wp\/v2\/types\/post"}],"author":[{"embeddable":true,"href":"https:\/\/www.elregional.cl\/index.php?rest_route=\/wp\/v2\/users\/2"}],"replies":[{"embeddable":true,"href":"https:\/\/www.elregional.cl\/index.php?rest_route=%2Fwp%2Fv2%2Fcomments&post=100"}],"version-history":[{"count":1,"href":"https:\/\/www.elregional.cl\/index.php?rest_route=\/wp\/v2\/posts\/100\/revisions"}],"predecessor-version":[{"id":102,"href":"https:\/\/www.elregional.cl\/index.php?rest_route=\/wp\/v2\/posts\/100\/revisions\/102"}],"wp:attachment":[{"href":"https:\/\/www.elregional.cl\/index.php?rest_route=%2Fwp%2Fv2%2Fmedia&parent=100"}],"wp:term":[{"taxonomy":"category","embeddable":true,"href":"https:\/\/www.elregional.cl\/index.php?rest_route=%2Fwp%2Fv2%2Fcategories&post=100"},{"taxonomy":"post_tag","embeddable":true,"href":"https:\/\/www.elregional.cl\/index.php?rest_route=%2Fwp%2Fv2%2Ftags&post=100"}],"curies":[{"name":"wp","href":"https:\/\/api.w.org\/{rel}","templated":true}]}}