{"id":10137,"date":"2025-10-03T13:35:24","date_gmt":"2025-10-03T13:35:24","guid":{"rendered":"https:\/\/www.elregional.cl\/?p=10137"},"modified":"2025-10-03T13:35:24","modified_gmt":"2025-10-03T13:35:24","slug":"fifa-decide-no-expulsar-a-israel-el-futbol-no-puede-resolver-temas-geopoliticos","status":"publish","type":"post","link":"https:\/\/www.elregional.cl\/?p=10137","title":{"rendered":"FIFA decide no expulsar a Israel: \u201cEl f\u00fatbol no puede resolver temas geopol\u00edticos\u201d"},"content":{"rendered":"<header class=\"js-link-static | main-header\">\n<div class=\"main-header__wrapper main-header-wrapper | desktop:padding-block-20 mobile:padding-block-16\">\n<div class=\"main-header-wrapper__container | u-container\"><\/div>\n<\/div>\n<\/header>\n<div class=\"js-content-static\">\n<div class=\"js_main_content\"><main class=\"js-link-static js-content-static-scroll | main | mobile:margin-block-20 desktop:margin-block-24 is-current\"><\/p>\n<div class=\"main__container | u-container\">\n<article class=\"main-article | mobile:margin-block-end-20 desktop:margin-block-end-104\">\n<div class=\"main-article__body main-layout\">\n<section class=\"main-article__content main-layout__item\">\n<div class=\"main-article__text main-article-text | js-content-post | all:margin-block-start-20 all:margin-block-end-24\">\n<p data-start=\"198\" data-end=\"694\">La FIFA se apart\u00f3 esta semana de la presi\u00f3n internacional para<strong>\u00a0sancionar a Israel<\/strong>\u00a0retir\u00e1ndole de competiciones deportivas, esto a ra\u00edz de la ofensiva militar en Gaza.<\/p>\n<p data-start=\"198\" data-end=\"694\">En una sesi\u00f3n del Consejo de FIFA en Z\u00farich, su presidente,\u00a0<strong data-start=\"381\" data-end=\"401\">Gianni Infantino<\/strong>, sostuvo que el organismo no puede asumir un rol pol\u00edtico, se\u00f1alando que el f\u00fatbol no est\u00e1 dise\u00f1ado para dirimir conflictos estatales.<\/p>\n<p data-start=\"198\" data-end=\"694\">El tema<strong>\u00a0no fue sometido a votaci\u00f3n formal,<\/strong>\u00a0y la federaci\u00f3n reitera que cualquier acci\u00f3n ser\u00eda materia de consenso con las confederaciones correspondientes.<\/p>\n<p data-start=\"198\" data-end=\"694\">\u201cEl f\u00fatbol no puede resolver problemas geopol\u00edticos, pero puede y debe promover el juego en todo el mundo aprovechando\u00a0<strong>sus valores unificadores, educativos, culturales y humanitarios\u201d,<\/strong>\u00a0dijo Infantino en su intervenci\u00f3n ante el consejo.<\/p>\n<p data-start=\"937\" data-end=\"1226\">En paralelo, el vicepresidente\u00a0<strong data-start=\"968\" data-end=\"990\">V\u00edctor Montagliani<\/strong>\u00a0indic\u00f3 que las decisiones sobre la participaci\u00f3n de Israel en competiciones europeas corresponden a la\u00a0<strong data-start=\"1094\" data-end=\"1102\">UEFA<\/strong>, pues Israel es miembro de esa confederaci\u00f3n. En ese sentido, a\u00f1adi\u00f3 que \u201cese asunto es jurisdicci\u00f3n de UEFA, ante todo\u201d.<\/p>\n<p data-start=\"1228\" data-end=\"1584\">Este posicionamiento se produce en medio de crecientes llamados de federaciones nacionales, organismos deportivos y organizaciones de derechos humanos para que Israel sea suspendido debido al conflicto en Gaza. Sin embargo, FIFA mantiene su camino conservador,\u00a0<strong>argumentando que las medidas radicales requieren consenso e implican riesgos institucionales.<\/strong><\/p>\n<\/div>\n<\/section>\n<\/div>\n<\/article>\n<\/div>\n<p><\/main><\/div>\n<\/div>\n","protected":false},"excerpt":{"rendered":"<p>La FIFA se apart\u00f3 esta semana de la presi\u00f3n internacional para\u00a0sancionar a Israel\u00a0retir\u00e1ndole de competiciones deportivas, esto a ra\u00edz de la ofensiva militar en Gaza. En una sesi\u00f3n del Consejo de FIFA en Z\u00farich, su presidente,\u00a0Gianni Infantino, sostuvo que el organismo no puede asumir un rol pol\u00edtico, se\u00f1alando que el f\u00fatbol no est\u00e1 dise\u00f1ado para &hellip;<\/p>\n","protected":false},"author":2,"featured_media":10138,"comment_status":"closed","ping_status":"closed","sticky":false,"template":"","format":"standard","meta":{"footnotes":""},"categories":[5],"tags":[],"class_list":["post-10137","post","type-post","status-publish","format-standard","has-post-thumbnail","hentry","category-deportes"],"_links":{"self":[{"href":"https:\/\/www.elregional.cl\/index.php?rest_route=\/wp\/v2\/posts\/10137","targetHints":{"allow":["GET"]}}],"collection":[{"href":"https:\/\/www.elregional.cl\/index.php?rest_route=\/wp\/v2\/posts"}],"about":[{"href":"https:\/\/www.elregional.cl\/index.php?rest_route=\/wp\/v2\/types\/post"}],"author":[{"embeddable":true,"href":"https:\/\/www.elregional.cl\/index.php?rest_route=\/wp\/v2\/users\/2"}],"replies":[{"embeddable":true,"href":"https:\/\/www.elregional.cl\/index.php?rest_route=%2Fwp%2Fv2%2Fcomments&post=10137"}],"version-history":[{"count":1,"href":"https:\/\/www.elregional.cl\/index.php?rest_route=\/wp\/v2\/posts\/10137\/revisions"}],"predecessor-version":[{"id":10139,"href":"https:\/\/www.elregional.cl\/index.php?rest_route=\/wp\/v2\/posts\/10137\/revisions\/10139"}],"wp:featuredmedia":[{"embeddable":true,"href":"https:\/\/www.elregional.cl\/index.php?rest_route=\/wp\/v2\/media\/10138"}],"wp:attachment":[{"href":"https:\/\/www.elregional.cl\/index.php?rest_route=%2Fwp%2Fv2%2Fmedia&parent=10137"}],"wp:term":[{"taxonomy":"category","embeddable":true,"href":"https:\/\/www.elregional.cl\/index.php?rest_route=%2Fwp%2Fv2%2Fcategories&post=10137"},{"taxonomy":"post_tag","embeddable":true,"href":"https:\/\/www.elregional.cl\/index.php?rest_route=%2Fwp%2Fv2%2Ftags&post=10137"}],"curies":[{"name":"wp","href":"https:\/\/api.w.org\/{rel}","templated":true}]}}