{"id":10161,"date":"2025-10-04T12:12:36","date_gmt":"2025-10-04T12:12:36","guid":{"rendered":"https:\/\/www.elregional.cl\/?p=10161"},"modified":"2025-10-04T12:12:36","modified_gmt":"2025-10-04T12:12:36","slug":"trump-abordo-posible-acuerdo-entre-israel-y-hamas","status":"publish","type":"post","link":"https:\/\/www.elregional.cl\/?p=10161","title":{"rendered":"Trump abord\u00f3 posible acuerdo entre Israel y Ham\u00e1s"},"content":{"rendered":"<p>Trump public\u00f3 en las cuentas de la Casa Blanca un video de un minuto y diez segundos en el que asegura que \u00abtodos recibir\u00e1n un trato justo\u00bb y que las negociaciones est\u00e1n cerca de suceder.<\/p>\n<p>El presidente de Estados Unidos, Donald Trump, abord\u00f3 este viernes un posible acuerdo de alto al fuego entre Israel y Ham\u00e1s, luego de que el grupo islamista palestino accediera a liberar a todos los rehenes israel\u00eds bajo los t\u00e9rminos expresados por el mandatario estadounidense, y agradeci\u00f3 el apoyo internacional.<br \/>\nTrump public\u00f3 en las cuentas de la Casa Blanca un video de un minuto y diez segundos en el que asegura que \u00abtodos recibir\u00e1n un trato justo\u00bb y que las negociaciones est\u00e1n cerca de suceder.<br \/>\nEl mandatario agreg\u00f3 que espera que los rehenes sean liberados y entregados a sus familias, as\u00ed como expres\u00f3 un agradecimiento a los pa\u00edses involucrados.<br \/>\n\u00abEn muchos sentidos esto no tiene precedentes (&#8230;) todos estaban unidos en el deseo de que esta guerra terminara por el bien del Oriente Medio y estamos cerca de lograrlo\u00bb, agreg\u00f3 Trump.<br \/>\nLa reacci\u00f3n del mandatario lleg\u00f3 despu\u00e9s del comunicado oficial del grupo islamista Ham\u00e1s donde acepta liberar rehenes para iniciar negociaciones, raz\u00f3n por la cual Trump pidi\u00f3 a Israel frenar los bombardeos a Gaza.<br \/>\nEl plan de 20 puntos que present\u00f3 el lunes en la Casa Blanca, aceptado por el primer ministro de Israel, Benjam\u00edn Netanyahu, propone el fin inmediato de la guerra, la liberaci\u00f3n de los rehenes de Ham\u00e1s y la formaci\u00f3n de un gobierno de transici\u00f3n para Gaza, que estar\u00eda supervisado por el mandatario estadounidense y el ex primer ministro brit\u00e1nico Tony Blair.<br \/>\nDicha hoja de ruta tambi\u00e9n contempla la desmilitarizaci\u00f3n de la Franja y la posibilidad de negociar en el futuro un Estado palestino, algo descartado, sin embargo, por el primer ministro israel\u00ed.<\/p>\n<p>Soychile.cl<\/p>\n","protected":false},"excerpt":{"rendered":"<p>Trump public\u00f3 en las cuentas de la Casa Blanca un video de un minuto y diez segundos en el que asegura que \u00abtodos recibir\u00e1n un trato justo\u00bb y que las negociaciones est\u00e1n cerca de suceder. El presidente de Estados Unidos, Donald Trump, abord\u00f3 este viernes un posible acuerdo de alto al fuego entre Israel y &hellip;<\/p>\n","protected":false},"author":2,"featured_media":10162,"comment_status":"closed","ping_status":"closed","sticky":false,"template":"","format":"standard","meta":{"footnotes":""},"categories":[4],"tags":[],"class_list":["post-10161","post","type-post","status-publish","format-standard","has-post-thumbnail","hentry","category-mundo"],"_links":{"self":[{"href":"https:\/\/www.elregional.cl\/index.php?rest_route=\/wp\/v2\/posts\/10161","targetHints":{"allow":["GET"]}}],"collection":[{"href":"https:\/\/www.elregional.cl\/index.php?rest_route=\/wp\/v2\/posts"}],"about":[{"href":"https:\/\/www.elregional.cl\/index.php?rest_route=\/wp\/v2\/types\/post"}],"author":[{"embeddable":true,"href":"https:\/\/www.elregional.cl\/index.php?rest_route=\/wp\/v2\/users\/2"}],"replies":[{"embeddable":true,"href":"https:\/\/www.elregional.cl\/index.php?rest_route=%2Fwp%2Fv2%2Fcomments&post=10161"}],"version-history":[{"count":1,"href":"https:\/\/www.elregional.cl\/index.php?rest_route=\/wp\/v2\/posts\/10161\/revisions"}],"predecessor-version":[{"id":10163,"href":"https:\/\/www.elregional.cl\/index.php?rest_route=\/wp\/v2\/posts\/10161\/revisions\/10163"}],"wp:featuredmedia":[{"embeddable":true,"href":"https:\/\/www.elregional.cl\/index.php?rest_route=\/wp\/v2\/media\/10162"}],"wp:attachment":[{"href":"https:\/\/www.elregional.cl\/index.php?rest_route=%2Fwp%2Fv2%2Fmedia&parent=10161"}],"wp:term":[{"taxonomy":"category","embeddable":true,"href":"https:\/\/www.elregional.cl\/index.php?rest_route=%2Fwp%2Fv2%2Fcategories&post=10161"},{"taxonomy":"post_tag","embeddable":true,"href":"https:\/\/www.elregional.cl\/index.php?rest_route=%2Fwp%2Fv2%2Ftags&post=10161"}],"curies":[{"name":"wp","href":"https:\/\/api.w.org\/{rel}","templated":true}]}}