{"id":10250,"date":"2025-10-07T03:02:38","date_gmt":"2025-10-07T03:02:38","guid":{"rendered":"https:\/\/www.elregional.cl\/?p=10250"},"modified":"2025-10-07T03:02:38","modified_gmt":"2025-10-07T03:02:38","slug":"preocupacion-en-boca-por-el-complicado-estado-de-salud-de-russo","status":"publish","type":"post","link":"https:\/\/www.elregional.cl\/?p=10250","title":{"rendered":"Preocupaci\u00f3n en Boca por el complicado estado de salud de Russo"},"content":{"rendered":"<p>El argentino\u00a0<strong>Miguel \u00c1ngel Russo<\/strong>, entrenador los chilenos\u00a0<strong>Carlos Palacios y Williams Alarc\u00f3n<\/strong>\u00a0en\u00a0<strong>Boca Juniors,<\/strong>\u00a0se encuentra en<strong>\u00a0grave estado de salud<\/strong>\u00a0y permanece<strong>\u00a0bajo atenci\u00f3n m\u00e9dica en su domicilio<\/strong>, seg\u00fan informaron a\u00a0<em>EFE<\/em>\u00a0fuentes del Xeneize.<\/p>\n<p>Russo, de 69 a\u00f1os y que se enfrenta desde 2017 a un c\u00e1ncer de vejiga y de pr\u00f3stata, se encuentra con licencia m\u00e9dica desde fines de septiembre.<\/p>\n<div>\n<div class=\"modulo-lee\">\n<div class=\"contenedor-rotulo-seccion\">\n<div class=\"rotulo-seccion\"><\/div>\n<\/div>\n<\/div>\n<\/div>\n<p>Este domingo, tras la victoria 5-0 de Boca Juniors ante Newell&#8217;s, Claudio \u00dabeda, el ayudante t\u00e9cnico que reeemplaz\u00f3 al entrenador de Boca Juniors en los \u00faltimos dos partidos, dijo: \u00abEste triunfo que tuvimos\u00a0<strong>se lo queremos dedicar a Miguel<\/strong>\u00a0que seguramente nos ha estado mirando por televisi\u00f3n\u00bb.<\/p>\n<p>\u00ab<strong>Por m\u00e1s que no est\u00e9 f\u00edsicamente en el entrenamiento, \u00e9l est\u00e1 al tanto de todo<\/strong>\u00a0y de las decisiones que venimos tomando. Por eso empec\u00e9 hablando y dedic\u00e1ndoselo a \u00e9l, nosotros lo queremos mucho y queremos que se ponga bien. Le deseamos lo mejor\u00bb, agreg\u00f3 Ubeda.<\/p>\n<div id=\"coop_m_parallax_1\" class=\"publicidad_dfp deco_99158_dfp\">\n<div id=\"deco_99711_dfp\" class=\"deco_99711_dfp\">\n<div id=\"contenedor-global\" class=\"contenedor-global\">\n<section class=\"contenedor-bloque-parallax\">\n<div class=\"parallax__container\">\n<div class=\"parallax\">\n<div><\/div>\n<\/div>\n<\/div>\n<\/section>\n<\/div>\n<\/div>\n<\/div>\n<p>El capit\u00e1n del equipo,\u00a0<strong>Leandro Paredes,<\/strong>\u00a0tambi\u00e9n le dedic\u00f3 la goleada al t\u00e9cnico y le mand\u00f3 \u00abmucha fuerza\u00bb para su recuperaci\u00f3n.<\/p>\n<p>\u00abEs una victoria importante para todos, se la queremos dedicar a Miguel de nuestra parte porque obviamente es la cabeza de nuestro grupo,\u00a0<strong>no es nada lindo esto que est\u00e1 pasando.<\/strong>\u00a0Le mandamos mucha fuerza\u00bb, expres\u00f3 Paredes.<\/p>\n","protected":false},"excerpt":{"rendered":"<p>El argentino\u00a0Miguel \u00c1ngel Russo, entrenador los chilenos\u00a0Carlos Palacios y Williams Alarc\u00f3n\u00a0en\u00a0Boca Juniors,\u00a0se encuentra en\u00a0grave estado de salud\u00a0y permanece\u00a0bajo atenci\u00f3n m\u00e9dica en su domicilio, seg\u00fan informaron a\u00a0EFE\u00a0fuentes del Xeneize. Russo, de 69 a\u00f1os y que se enfrenta desde 2017 a un c\u00e1ncer de vejiga y de pr\u00f3stata, se encuentra con licencia m\u00e9dica desde fines de septiembre. &hellip;<\/p>\n","protected":false},"author":2,"featured_media":10251,"comment_status":"closed","ping_status":"closed","sticky":false,"template":"","format":"standard","meta":{"footnotes":""},"categories":[5],"tags":[],"class_list":["post-10250","post","type-post","status-publish","format-standard","has-post-thumbnail","hentry","category-deportes"],"_links":{"self":[{"href":"https:\/\/www.elregional.cl\/index.php?rest_route=\/wp\/v2\/posts\/10250","targetHints":{"allow":["GET"]}}],"collection":[{"href":"https:\/\/www.elregional.cl\/index.php?rest_route=\/wp\/v2\/posts"}],"about":[{"href":"https:\/\/www.elregional.cl\/index.php?rest_route=\/wp\/v2\/types\/post"}],"author":[{"embeddable":true,"href":"https:\/\/www.elregional.cl\/index.php?rest_route=\/wp\/v2\/users\/2"}],"replies":[{"embeddable":true,"href":"https:\/\/www.elregional.cl\/index.php?rest_route=%2Fwp%2Fv2%2Fcomments&post=10250"}],"version-history":[{"count":1,"href":"https:\/\/www.elregional.cl\/index.php?rest_route=\/wp\/v2\/posts\/10250\/revisions"}],"predecessor-version":[{"id":10252,"href":"https:\/\/www.elregional.cl\/index.php?rest_route=\/wp\/v2\/posts\/10250\/revisions\/10252"}],"wp:featuredmedia":[{"embeddable":true,"href":"https:\/\/www.elregional.cl\/index.php?rest_route=\/wp\/v2\/media\/10251"}],"wp:attachment":[{"href":"https:\/\/www.elregional.cl\/index.php?rest_route=%2Fwp%2Fv2%2Fmedia&parent=10250"}],"wp:term":[{"taxonomy":"category","embeddable":true,"href":"https:\/\/www.elregional.cl\/index.php?rest_route=%2Fwp%2Fv2%2Fcategories&post=10250"},{"taxonomy":"post_tag","embeddable":true,"href":"https:\/\/www.elregional.cl\/index.php?rest_route=%2Fwp%2Fv2%2Ftags&post=10250"}],"curies":[{"name":"wp","href":"https:\/\/api.w.org\/{rel}","templated":true}]}}