{"id":10259,"date":"2025-10-08T17:28:37","date_gmt":"2025-10-08T17:28:37","guid":{"rendered":"https:\/\/www.elregional.cl\/?p=10259"},"modified":"2025-10-08T17:28:37","modified_gmt":"2025-10-08T17:28:37","slug":"acusaciones-de-autorizacion-a-flota-china-de-90-barcos-para-explotar-recursos-marinos-en-el-norte-de-chile","status":"publish","type":"post","link":"https:\/\/www.elregional.cl\/?p=10259","title":{"rendered":"Acusaciones de autorizaci\u00f3n a Flota China de 90 barcos para explotar recursos marinos en el norte de Chile"},"content":{"rendered":"<header class=\"header \">\n<div class=\"header__logo\"><a href=\"https:\/\/thetimes.cl\/\"><img decoding=\"async\" class=\"only-mobile\" src=\"https:\/\/thetimes.cl\/static\/custom\/logo-movil.png?t=2025-10-08+06%3A47%3A20.371945\" alt=\"The Times en Espa\u00f1ol\" \/><\/a><\/div>\n<\/header>\n<section class=\"principal\">\n<div class=\"fullpost__encabezado \">\n<p class=\"fullpost__copete\">\u00bfEst\u00e1 Chile cediendo su soberan\u00eda? Un periodista denuncia autorizaci\u00f3n de 90 barcos chinos en Iquique.<\/p>\n<\/div>\n<\/section>\n<section class=\"extra1\">\n<div class=\"fullpost__main \">\n<div id=\"publi-176\" class=\"publi publi-html C4\" data-nombre=\"Mas Medio 1 X 1\">\n<div id=\"sas_99435\"><\/div>\n<\/div>\n<div class=\"fullpost__cuerpo\">\n<p>Recientemente, durante un evento p\u00fablico en\u00a0<strong>Iquique, Chile<\/strong>, el pol\u00edtico\u00a0<strong>Johannes Kaiser<\/strong>, candidato presidencial independiente de derecha, fue notidicado por un periodista local sobre la supuesta\u00a0<strong>autorizaci\u00f3n<\/strong>\u00a0del gobierno de\u00a0<strong>Gabriel Boric<\/strong>\u00a0para que una flota de 90 barcos chinos opere en la zona. Esta pol\u00e9mica denuncia ha reavivado un intenso debate sobre\u00a0<strong>soberan\u00eda nacional<\/strong>,\u00a0<strong>influencia extranjera<\/strong>\u00a0y las pol\u00edticas pesqueras de Chile, convirtiendo a la regi\u00f3n en un potencial \u201c<strong>hub log\u00edstico<\/strong>\u201d para la explotaci\u00f3n de los recursos marinos chilenos. A continuaci\u00f3n, exploramos este complejo asunto apoy\u00e1ndonos en fuentes relevantes y aportando un contexto hist\u00f3rico sobre la presencia china en aguas sudamericanas.<\/p>\n<p>&nbsp;<\/p>\n<h2>El Incidente en Iquique<\/h2>\n<p>En el evento en Iquique, regi\u00f3n de\u00a0<strong>Tarapac\u00e1<\/strong>, Kaiser se encontraba dialogando con ciudadanos sobre problem\u00e1ticas locales \u2014incluyendo\u00a0<strong>migraci\u00f3n<\/strong>\u00a0y\u00a0<strong>seguridad fronteriza<\/strong>\u2014, cuando el periodista plante\u00f3 su inquietud sobre la autorizaci\u00f3n a las naves. En la transcripci\u00f3n del video, se escucha la denuncia:<\/p>\n<blockquote><p><em>\u00abUsted sabe que dentro de los pr\u00f3ximos 30 d\u00edas en La Rada de Iquique van a haber 90 embarcaciones chinas que est\u00e1n autorizadas por la Seremi.\u00a0 El candidato respondio; Yo quiero preguntarle a la Seremi sobre qu\u00e9 base est\u00e1 autorizando la operaci\u00f3n de las naves chinas&#8230; O sea que nos estamos transformando en un hub log\u00edstico para las naves que vienen a explotar nuestros recursos.\u00bb<\/em><\/p><\/blockquote>\n<p>Esta acusaci\u00f3n circul\u00f3 r\u00e1pidamente en redes sociales, generando miles de interacciones y tensiones pol\u00edticas, donde muchos manifestaron que ser\u00eda una \u00abtraici\u00f3n a la patria\u00bb.\u00a0<strong>Kaiser<\/strong>, con un historial de cr\u00edticas hacia el gobierno de Boric, no respondi\u00f3 inmediatamente en el clip, pero su reacci\u00f3n se ha utilizado en campa\u00f1as que resaltan la presunta\u00a0<strong>negligencia gubernamental<\/strong>.<\/p>\n<div>\n<div class=\"trv-player-container\">\n<div class=\"trv-wrapper\">\n<div id=\"br_video_player_7ee2939308d7b6475c8e71d1407079f4ca1bdb8e\" class=\"trvd_video_player trvdinstream\">\n<div class=\"media-player\">\n<div class=\"links-overlay\"><img loading=\"lazy\" decoding=\"async\" class=\"alignnone size-medium wp-image-10260\" src=\"https:\/\/www.elregional.cl\/wp-content\/uploads\/2025\/10\/parte-de-la-flota-pesquera-china-ya-navega-frente-a-aguas-chilenas-scaled-e1607109662184-300x201.jpg\" alt=\"\" width=\"300\" height=\"201\" srcset=\"https:\/\/www.elregional.cl\/wp-content\/uploads\/2025\/10\/parte-de-la-flota-pesquera-china-ya-navega-frente-a-aguas-chilenas-scaled-e1607109662184-300x201.jpg 300w, https:\/\/www.elregional.cl\/wp-content\/uploads\/2025\/10\/parte-de-la-flota-pesquera-china-ya-navega-frente-a-aguas-chilenas-scaled-e1607109662184-1024x687.jpg 1024w, https:\/\/www.elregional.cl\/wp-content\/uploads\/2025\/10\/parte-de-la-flota-pesquera-china-ya-navega-frente-a-aguas-chilenas-scaled-e1607109662184-768x516.jpg 768w, https:\/\/www.elregional.cl\/wp-content\/uploads\/2025\/10\/parte-de-la-flota-pesquera-china-ya-navega-frente-a-aguas-chilenas-scaled-e1607109662184-1536x1031.jpg 1536w, https:\/\/www.elregional.cl\/wp-content\/uploads\/2025\/10\/parte-de-la-flota-pesquera-china-ya-navega-frente-a-aguas-chilenas-scaled-e1607109662184.jpg 2029w\" sizes=\"auto, (max-width: 300px) 100vw, 300px\" \/><\/div>\n<\/div>\n<\/div>\n<\/div>\n<\/div>\n<\/div>\n<\/div>\n<\/div>\n<\/section>\n<p>&nbsp;<\/p>\n","protected":false},"excerpt":{"rendered":"<p>\u00bfEst\u00e1 Chile cediendo su soberan\u00eda? Un periodista denuncia autorizaci\u00f3n de 90 barcos chinos en Iquique. Recientemente, durante un evento p\u00fablico en\u00a0Iquique, Chile, el pol\u00edtico\u00a0Johannes Kaiser, candidato presidencial independiente de derecha, fue notidicado por un periodista local sobre la supuesta\u00a0autorizaci\u00f3n\u00a0del gobierno de\u00a0Gabriel Boric\u00a0para que una flota de 90 barcos chinos opere en la zona. Esta pol\u00e9mica &hellip;<\/p>\n","protected":false},"author":2,"featured_media":10261,"comment_status":"closed","ping_status":"closed","sticky":false,"template":"","format":"standard","meta":{"footnotes":""},"categories":[3],"tags":[],"class_list":["post-10259","post","type-post","status-publish","format-standard","has-post-thumbnail","hentry","category-pais"],"_links":{"self":[{"href":"https:\/\/www.elregional.cl\/index.php?rest_route=\/wp\/v2\/posts\/10259","targetHints":{"allow":["GET"]}}],"collection":[{"href":"https:\/\/www.elregional.cl\/index.php?rest_route=\/wp\/v2\/posts"}],"about":[{"href":"https:\/\/www.elregional.cl\/index.php?rest_route=\/wp\/v2\/types\/post"}],"author":[{"embeddable":true,"href":"https:\/\/www.elregional.cl\/index.php?rest_route=\/wp\/v2\/users\/2"}],"replies":[{"embeddable":true,"href":"https:\/\/www.elregional.cl\/index.php?rest_route=%2Fwp%2Fv2%2Fcomments&post=10259"}],"version-history":[{"count":1,"href":"https:\/\/www.elregional.cl\/index.php?rest_route=\/wp\/v2\/posts\/10259\/revisions"}],"predecessor-version":[{"id":10262,"href":"https:\/\/www.elregional.cl\/index.php?rest_route=\/wp\/v2\/posts\/10259\/revisions\/10262"}],"wp:featuredmedia":[{"embeddable":true,"href":"https:\/\/www.elregional.cl\/index.php?rest_route=\/wp\/v2\/media\/10261"}],"wp:attachment":[{"href":"https:\/\/www.elregional.cl\/index.php?rest_route=%2Fwp%2Fv2%2Fmedia&parent=10259"}],"wp:term":[{"taxonomy":"category","embeddable":true,"href":"https:\/\/www.elregional.cl\/index.php?rest_route=%2Fwp%2Fv2%2Fcategories&post=10259"},{"taxonomy":"post_tag","embeddable":true,"href":"https:\/\/www.elregional.cl\/index.php?rest_route=%2Fwp%2Fv2%2Ftags&post=10259"}],"curies":[{"name":"wp","href":"https:\/\/api.w.org\/{rel}","templated":true}]}}