{"id":10386,"date":"2025-10-12T01:42:16","date_gmt":"2025-10-12T01:42:16","guid":{"rendered":"https:\/\/www.elregional.cl\/?p=10386"},"modified":"2025-10-12T01:42:16","modified_gmt":"2025-10-12T01:42:16","slug":"argentina-derrota-a-mexico-y-jugara-semifinal-con-colombia-por-mundial-sub-20","status":"publish","type":"post","link":"https:\/\/www.elregional.cl\/?p=10386","title":{"rendered":"Argentina derrota a M\u00e9xico y jugar\u00e1 semifinal con Colombia por Mundial sub 20"},"content":{"rendered":"<p>Hay semifinal sudamericana en el Mundial Sub 20 Chile 2025.\u00a0<b>Argentina venci\u00f3 por 2-0 a M\u00e9xico en el Estadio Nacional y se meti\u00f3 en la ronda de los cuatro mejores del torneo, donde chocar\u00e1 con Colombia.<\/b><\/p>\n<div><b>Los trasandinos mostraron su mayor categor\u00eda y superaron a un tibio equipo mexicano<\/b> que estuvo lejos de lo que mostr\u00f3 ante la \u00abRoja\u00bb en octavos de final.<\/p>\n<div><\/div>\n<div>De entrada peg\u00f3 el elenco de Diego Placente, gracias al gol de\u00a0<b>Maher Carrizo a los 8&#8242;<\/b>\u00a0que abri\u00f3 el camino para los albicelestes y complic\u00f3 mucho al \u00abTri\u00bb desde el comienzo del encuentro.<\/div>\n<div><\/div>\n<div>Y en el segundo tiempo,\u00a0<b>Mateo Silvetti (55&#8242;)<\/b>\u00a0aprovech\u00f3 una duda defensiva mexicana y con un disparo potente decret\u00f3 el 2-0 en \u00d1u\u00f1oa.<\/div>\n<div><\/div>\n<div>Sobre el cierre vino el descontrol del cuadro de<b>\u00a0Eduardo Arce,<\/b>\u00a0que termin\u00f3 con nueve hombres por las expulsiones de\u00a0<b>Diego Ochoa y Tahiel Jim\u00e9nez.<\/b><\/div>\n<div><\/div>\n<div>De esta manera,\u00a0<b>Argentina se meti\u00f3 en semifinales donde se medir\u00e1 con los colombianos,<\/b>\u00a0que este s\u00e1bado superaron a Espa\u00f1a en Talca. Con esto, una selecci\u00f3n de Sudam\u00e9rica jugar\u00e1 la final.\u00a0<b>Ese choque ser\u00e1 el mi\u00e9rcoles a las 20:00 horas en el Nacional.<\/b><\/div>\n<div><\/div>\n<div>Este domingo ser\u00e1n los otros pleitos de cuartos:\u00a0<b>Estados Unidos-Marruecos en Rancagua (17:00) y Noruega-Francia en Valpara\u00edso (20:00)<\/b>.<\/div>\n<\/div>\n","protected":false},"excerpt":{"rendered":"<p>Hay semifinal sudamericana en el Mundial Sub 20 Chile 2025.\u00a0Argentina venci\u00f3 por 2-0 a M\u00e9xico en el Estadio Nacional y se meti\u00f3 en la ronda de los cuatro mejores del torneo, donde chocar\u00e1 con Colombia. Los trasandinos mostraron su mayor categor\u00eda y superaron a un tibio equipo mexicano que estuvo lejos de lo que mostr\u00f3 &hellip;<\/p>\n","protected":false},"author":2,"featured_media":10387,"comment_status":"closed","ping_status":"closed","sticky":false,"template":"","format":"standard","meta":{"footnotes":""},"categories":[5],"tags":[],"class_list":["post-10386","post","type-post","status-publish","format-standard","has-post-thumbnail","hentry","category-deportes"],"_links":{"self":[{"href":"https:\/\/www.elregional.cl\/index.php?rest_route=\/wp\/v2\/posts\/10386","targetHints":{"allow":["GET"]}}],"collection":[{"href":"https:\/\/www.elregional.cl\/index.php?rest_route=\/wp\/v2\/posts"}],"about":[{"href":"https:\/\/www.elregional.cl\/index.php?rest_route=\/wp\/v2\/types\/post"}],"author":[{"embeddable":true,"href":"https:\/\/www.elregional.cl\/index.php?rest_route=\/wp\/v2\/users\/2"}],"replies":[{"embeddable":true,"href":"https:\/\/www.elregional.cl\/index.php?rest_route=%2Fwp%2Fv2%2Fcomments&post=10386"}],"version-history":[{"count":1,"href":"https:\/\/www.elregional.cl\/index.php?rest_route=\/wp\/v2\/posts\/10386\/revisions"}],"predecessor-version":[{"id":10388,"href":"https:\/\/www.elregional.cl\/index.php?rest_route=\/wp\/v2\/posts\/10386\/revisions\/10388"}],"wp:featuredmedia":[{"embeddable":true,"href":"https:\/\/www.elregional.cl\/index.php?rest_route=\/wp\/v2\/media\/10387"}],"wp:attachment":[{"href":"https:\/\/www.elregional.cl\/index.php?rest_route=%2Fwp%2Fv2%2Fmedia&parent=10386"}],"wp:term":[{"taxonomy":"category","embeddable":true,"href":"https:\/\/www.elregional.cl\/index.php?rest_route=%2Fwp%2Fv2%2Fcategories&post=10386"},{"taxonomy":"post_tag","embeddable":true,"href":"https:\/\/www.elregional.cl\/index.php?rest_route=%2Fwp%2Fv2%2Ftags&post=10386"}],"curies":[{"name":"wp","href":"https:\/\/api.w.org\/{rel}","templated":true}]}}