{"id":1043,"date":"2024-09-05T12:05:06","date_gmt":"2024-09-05T12:05:06","guid":{"rendered":"https:\/\/www.elregional.cl\/?p=1043"},"modified":"2024-09-05T12:05:06","modified_gmt":"2024-09-05T12:05:06","slug":"hospitalizan-a-nino-de-siete-anos-por-corte-en-el-cuello-con-hilo-curado-en-rancagua","status":"publish","type":"post","link":"https:\/\/www.elregional.cl\/?p=1043","title":{"rendered":"Hospitalizan a ni\u00f1o de siete a\u00f1os por corte en el cuello con hilo curado en Rancagua."},"content":{"rendered":"<p>Un\u00a0<strong>ni\u00f1o de siete a\u00f1os sufri\u00f3 un corte profundo en el cuello tras enredarse con un hilo curado mientras paseaba en bicicleta en la comuna de Rancagua<\/strong>,\u00a0<a href=\"https:\/\/www.biobiochile.cl\/lista\/categorias\/ohiggins-maule-nuble\" target=\"_blank\" rel=\"noopener\">regi\u00f3n de O\u2019Higgins<\/a>. El hecho ocurri\u00f3 en la Villa Bosques de Santa Clara, donde el menor fue asistido por su padre y\u00a0<strong>trasladado de urgencia al Hospital Regional de Rancagua<\/strong>.<\/p>\n<div id=\"banner-contenido-nota-1-6218069\" data-google-query-id=\"CK2a2Prfq4gDFVRMuAQdsvQNtw\">\n<div id=\"google_ads_iframe_\/1098385\/biobiocl\/ad_middle1_0__container__\"><img loading=\"lazy\" decoding=\"async\" class=\"alignnone size-medium wp-image-1044\" src=\"https:\/\/www.elregional.cl\/wp-content\/uploads\/2024\/09\/A_UNO_1213887_8ab94-300x200.jpg\" alt=\"\" width=\"300\" height=\"200\" \/><\/div>\n<\/div>\n<p>La v\u00edctima, que se encontraba acompa\u00f1ado por su padre y su hermano al momento del accidente, circulaba en bicicleta por la avenida Circunvalaci\u00f3n Poniente cuando el hilo curado,\u00a0<span class=\"destacador destacado\">suspendido en el aire, se enred\u00f3 en su cuello, caus\u00e1ndole una herida de aproximadamente dos cent\u00edmetros<\/span>.<\/p>\n<p>\u201cEl ni\u00f1o cay\u00f3 al suelo y fue auxiliado de manera inmediata por su padre\u201d, detall\u00f3 el subcomisario\u00a0<strong>Sebasti\u00e1n Sotomayor<\/strong>, de la Brigada de Homicidios de Rancagua<\/p>\n","protected":false},"excerpt":{"rendered":"<p>Un\u00a0ni\u00f1o de siete a\u00f1os sufri\u00f3 un corte profundo en el cuello tras enredarse con un hilo curado mientras paseaba en bicicleta en la comuna de Rancagua,\u00a0regi\u00f3n de O\u2019Higgins. El hecho ocurri\u00f3 en la Villa Bosques de Santa Clara, donde el menor fue asistido por su padre y\u00a0trasladado de urgencia al Hospital Regional de Rancagua. La &hellip;<\/p>\n","protected":false},"author":2,"featured_media":0,"comment_status":"closed","ping_status":"closed","sticky":false,"template":"","format":"standard","meta":{"footnotes":""},"categories":[3],"tags":[],"class_list":["post-1043","post","type-post","status-publish","format-standard","hentry","category-pais"],"_links":{"self":[{"href":"https:\/\/www.elregional.cl\/index.php?rest_route=\/wp\/v2\/posts\/1043","targetHints":{"allow":["GET"]}}],"collection":[{"href":"https:\/\/www.elregional.cl\/index.php?rest_route=\/wp\/v2\/posts"}],"about":[{"href":"https:\/\/www.elregional.cl\/index.php?rest_route=\/wp\/v2\/types\/post"}],"author":[{"embeddable":true,"href":"https:\/\/www.elregional.cl\/index.php?rest_route=\/wp\/v2\/users\/2"}],"replies":[{"embeddable":true,"href":"https:\/\/www.elregional.cl\/index.php?rest_route=%2Fwp%2Fv2%2Fcomments&post=1043"}],"version-history":[{"count":1,"href":"https:\/\/www.elregional.cl\/index.php?rest_route=\/wp\/v2\/posts\/1043\/revisions"}],"predecessor-version":[{"id":1046,"href":"https:\/\/www.elregional.cl\/index.php?rest_route=\/wp\/v2\/posts\/1043\/revisions\/1046"}],"wp:attachment":[{"href":"https:\/\/www.elregional.cl\/index.php?rest_route=%2Fwp%2Fv2%2Fmedia&parent=1043"}],"wp:term":[{"taxonomy":"category","embeddable":true,"href":"https:\/\/www.elregional.cl\/index.php?rest_route=%2Fwp%2Fv2%2Fcategories&post=1043"},{"taxonomy":"post_tag","embeddable":true,"href":"https:\/\/www.elregional.cl\/index.php?rest_route=%2Fwp%2Fv2%2Ftags&post=1043"}],"curies":[{"name":"wp","href":"https:\/\/api.w.org\/{rel}","templated":true}]}}