{"id":10430,"date":"2025-10-13T07:15:02","date_gmt":"2025-10-13T07:15:02","guid":{"rendered":"https:\/\/www.elregional.cl\/?p=10430"},"modified":"2025-10-13T07:15:02","modified_gmt":"2025-10-13T07:15:02","slug":"encuentran-en-chile-a-nina-peruana-desaparecida-investigan-posible-red-de-explotacion-sexual","status":"publish","type":"post","link":"https:\/\/www.elregional.cl\/?p=10430","title":{"rendered":"Encuentran en Chile a ni\u00f1a peruana desaparecida: investigan posible red de explotaci\u00f3n sexual\u00a0"},"content":{"rendered":"<header class=\"js-link-static | main-header\">\n<div class=\"main-header__wrapper main-header-wrapper | desktop:padding-block-20 mobile:padding-block-16\">\n<div class=\"main-header-wrapper__container | u-container\"><\/div>\n<\/div>\n<\/header>\n<div class=\"js-content-static\">\n<div class=\"js_main_content\"><main class=\"js-link-static js-content-static-scroll | main | mobile:margin-block-20 desktop:margin-block-24 is-current\"><\/p>\n<div class=\"main__container | u-container\">\n<article class=\"main-article | mobile:margin-block-end-20 desktop:margin-block-end-104\">\n<header class=\"main-article__header | all:margin-block-end-24\">\n<figure class=\"main-article-info__author main-author-card\"><a class=\"main-author-card__media\" href=\"https:\/\/www.radioagricultura.cl\/autor\/francisca-plaza\/\" data-has-event-static=\"1\"><img loading=\"lazy\" decoding=\"async\" class=\"main-author-card__image | u-aspect-ratio\" src=\"https:\/\/assets.radioagricultura.cl\/avatar-default.png\" alt=\"Francisca Plaza\" width=\"55\" height=\"55\" \/><\/a><\/figure>\n<\/header>\n<div class=\"main-article__body main-layout\">\n<section class=\"main-article__content main-layout__item\">\n<div class=\"main-article__media main-article-media | u-mobile-negative-margin\">\n<footer class=\"main-article-media__footer | all:margin-block-start-12\"><\/footer>\n<\/div>\n<div class=\"main-article__text main-article-text | js-content-post | all:margin-block-start-20 all:margin-block-end-24\">\n<p data-start=\"623\" data-end=\"881\">La\u00a0<strong data-start=\"626\" data-end=\"662\">Polic\u00eda de Investigaciones (PDI)<\/strong>\u00a0inform\u00f3 el hallazgo en Chile de\u00a0<strong data-start=\"695\" data-end=\"728\">una ni\u00f1a peruana desaparecida<\/strong>\u00a0de 13 a\u00f1os, quien hab\u00eda sido buscada desde el 27 de septiembre. Las autoridades sospechan que fue v\u00edctima de una red de\u00a0<strong data-start=\"849\" data-end=\"880\">explotaci\u00f3n sexual infantil<\/strong>.<\/p>\n<p data-start=\"883\" data-end=\"1147\">La alerta se emiti\u00f3 el 9 de octubre, cuando los sistemas policiales detectaron que la menor no ingres\u00f3 al pa\u00eds por un paso habilitado. Adem\u00e1s, exist\u00eda una\u00a0<strong data-start=\"1038\" data-end=\"1065\">\u201cnotificaci\u00f3n amarilla\u201d<\/strong>\u00a0emitida por la OCN Lima, que permiti\u00f3 activar las coordinaciones internacionales.<\/p>\n<h3 data-start=\"1149\" data-end=\"1190\"><strong data-start=\"1153\" data-end=\"1190\">La b\u00fasqueda de ni\u00f1a\u00a0<\/strong><strong data-start=\"2247\" data-end=\"2275\">peruana desaparecida\u00a0<\/strong><strong data-start=\"1153\" data-end=\"1190\">comenz\u00f3 en Talcahuano<\/strong><\/h3>\n<p data-start=\"1192\" data-end=\"1552\">La\u00a0<strong data-start=\"1195\" data-end=\"1228\">subcomisaria Loreto Dom\u00ednguez<\/strong>, de la OCN Santiago, explic\u00f3 que la investigaci\u00f3n se inici\u00f3 cuando la Brigada Policial de Per\u00fa en Chile comunic\u00f3 la denuncia por presunta desgracia. \u201cLa NNA de iniciales S.E.H.C., de 13 a\u00f1os, habr\u00eda salido de su pa\u00eds por un paso no habilitado, presumiblemente por delitos de explotaci\u00f3n sexual con destino a Chile\u201d, se\u00f1al\u00f3.<\/p>\n<p data-start=\"1554\" data-end=\"1839\">Los equipos policiales consultaron los sistemas de ingreso y confirmaron que no exist\u00edan registros de su arribo por un paso controlado. Con esa informaci\u00f3n, coordinaron con la agregadur\u00eda policial de Per\u00fa en Chile para ubicar a la menor. Las primeras pistas la situaban en Talcahuano.<\/p>\n<p data-start=\"1841\" data-end=\"2241\">Dom\u00ednguez relat\u00f3 que \u201clos funcionarios de esta OCN Santiago realizaron las respectivas comunicaciones con la OCN Lima y la agregadur\u00eda policial de Per\u00fa en Chile, logrando establecer una posible ubicaci\u00f3n de esta menor en la ciudad de Talcahuano\u201d. Personal del Departamento de Migraciones concurri\u00f3 al sector se\u00f1alado, empadron\u00f3 a vecinos y recorri\u00f3 \u00e1reas concurridas, aunque sin resultados positivos.<\/p>\n<h3 data-start=\"2243\" data-end=\"2275\"><strong data-start=\"2247\" data-end=\"2275\">Localizaci\u00f3n en Santiago<\/strong><\/h3>\n<p data-start=\"2277\" data-end=\"2638\">M\u00e1s tarde, la investigaci\u00f3n determin\u00f3 que la\u00a0<strong data-start=\"2322\" data-end=\"2351\">ni\u00f1a peruana desaparecida<\/strong>\u00a0viajaba en un bus desde Concepci\u00f3n hacia la capital. Los funcionarios llegaron al Terminal Sur en Estaci\u00f3n Central y esperaron su arribo. \u201cYa siendo las 21.00 a 22.00 horas aproximadamente, estos funcionarios logran encontrar a la menor, quien desciende del bus sola\u201d, indic\u00f3 Dom\u00ednguez.<\/p>\n<p data-start=\"2640\" data-end=\"2838\">La ni\u00f1a accedi\u00f3 voluntariamente a acompa\u00f1ar a los funcionarios. Fue llevada a un centro asistencial para constatar su estado de salud y luego trasladada a la OCN Santiago, ubicada en Independencia.<\/p>\n<p data-start=\"2840\" data-end=\"3017\"><a href=\"https:\/\/www.radioagricultura.cl\/noticias\/nacional\/admision-escolar-2026-resultados-se-publicaran-de-15-de-octubre_20251012\/\" data-has-event-static=\"1\">Actualmente,<\/a>\u00a0la menor est\u00e1 bajo custodia policial y\u00a0<strong data-start=\"2892\" data-end=\"2921\">la investigaci\u00f3n contin\u00faa<\/strong>\u00a0para determinar las condiciones de su traslado y la responsabilidad de eventuales involucrados.<\/p>\n<\/div>\n<\/section>\n<\/div>\n<\/article>\n<\/div>\n<p><\/main><\/div>\n<\/div>\n","protected":false},"excerpt":{"rendered":"<p>La\u00a0Polic\u00eda de Investigaciones (PDI)\u00a0inform\u00f3 el hallazgo en Chile de\u00a0una ni\u00f1a peruana desaparecida\u00a0de 13 a\u00f1os, quien hab\u00eda sido buscada desde el 27 de septiembre. Las autoridades sospechan que fue v\u00edctima de una red de\u00a0explotaci\u00f3n sexual infantil. La alerta se emiti\u00f3 el 9 de octubre, cuando los sistemas policiales detectaron que la menor no ingres\u00f3 al pa\u00eds &hellip;<\/p>\n","protected":false},"author":2,"featured_media":10431,"comment_status":"closed","ping_status":"closed","sticky":false,"template":"","format":"standard","meta":{"footnotes":""},"categories":[4],"tags":[],"class_list":["post-10430","post","type-post","status-publish","format-standard","has-post-thumbnail","hentry","category-mundo"],"_links":{"self":[{"href":"https:\/\/www.elregional.cl\/index.php?rest_route=\/wp\/v2\/posts\/10430","targetHints":{"allow":["GET"]}}],"collection":[{"href":"https:\/\/www.elregional.cl\/index.php?rest_route=\/wp\/v2\/posts"}],"about":[{"href":"https:\/\/www.elregional.cl\/index.php?rest_route=\/wp\/v2\/types\/post"}],"author":[{"embeddable":true,"href":"https:\/\/www.elregional.cl\/index.php?rest_route=\/wp\/v2\/users\/2"}],"replies":[{"embeddable":true,"href":"https:\/\/www.elregional.cl\/index.php?rest_route=%2Fwp%2Fv2%2Fcomments&post=10430"}],"version-history":[{"count":1,"href":"https:\/\/www.elregional.cl\/index.php?rest_route=\/wp\/v2\/posts\/10430\/revisions"}],"predecessor-version":[{"id":10432,"href":"https:\/\/www.elregional.cl\/index.php?rest_route=\/wp\/v2\/posts\/10430\/revisions\/10432"}],"wp:featuredmedia":[{"embeddable":true,"href":"https:\/\/www.elregional.cl\/index.php?rest_route=\/wp\/v2\/media\/10431"}],"wp:attachment":[{"href":"https:\/\/www.elregional.cl\/index.php?rest_route=%2Fwp%2Fv2%2Fmedia&parent=10430"}],"wp:term":[{"taxonomy":"category","embeddable":true,"href":"https:\/\/www.elregional.cl\/index.php?rest_route=%2Fwp%2Fv2%2Fcategories&post=10430"},{"taxonomy":"post_tag","embeddable":true,"href":"https:\/\/www.elregional.cl\/index.php?rest_route=%2Fwp%2Fv2%2Ftags&post=10430"}],"curies":[{"name":"wp","href":"https:\/\/api.w.org\/{rel}","templated":true}]}}