{"id":10466,"date":"2025-10-13T09:47:56","date_gmt":"2025-10-13T09:47:56","guid":{"rendered":"https:\/\/www.elregional.cl\/?p=10466"},"modified":"2025-10-13T09:48:39","modified_gmt":"2025-10-13T09:48:39","slug":"colo-colo-femenino-derrota-a-libertad-de-paraguay-por-cuartos-de-final-de-copa-libertadores-la","status":"publish","type":"post","link":"https:\/\/www.elregional.cl\/?p=10466","title":{"rendered":"Colo Colo femenino derrota a Libertad de Paraguay por cuartos de final de Copa Libertadores"},"content":{"rendered":"<div class=\"jsx-1379838354 article-head\">\n<div class=\"jsx-1379838354 article-head__img\">\n<div class=\"jsx-2596140761 article-date-author\">\n<div class=\"jsx-2596140761 article-date-author__text-container\">\n<p class=\"jsx-2596140761 article-date-author__description\">\n<\/div>\n<\/div>\n<\/div>\n<\/div>\n<div class=\"jsx-ad4da37d8910957d separator-before-articleBody\"><\/div>\n<div class=\"jsx-1062579547 article-body\" data-testid=\"article_body\">\n<p><a title=\"Colo Colo Femenino\" href=\"https:\/\/dalealbo.cl\/colocolo\/en-vivo-colo-colo-femenino-vs-libertad-sigue-minuto-a-minuto-los-cuartos-de-libertadores\" target=\"_blank\" rel=\"noopener\">Colo Colo Femenino<\/a>\u00a0est\u00e1 decidido a hacer historia. En una nublada tarde de Buenos Aires,\u00a0<strong>las Albas chocaron ante Libertad de Paraguay por los Cuartos de Final de la<\/strong>\u00a0<a title=\"Copa Libertadores de Am\u00e9rica\" href=\"https:\/\/dalealbo.cl\/colocolo\/colo-colo-femenino-arraso-en-la-sintonia-de-tv-abierta-con-su-triunfo-en-copa-libertadores\" target=\"_blank\" rel=\"noopener\">Copa Libertadores de Am\u00e9rica<\/a>. Hasta dicha instancia, las colocolinas arribaron tras firmar una fase de grupos perfecta.<\/p>\n<p>Ante las de paraguayas,\u00a0<a title=\"Tatiele Silveira\" href=\"https:\/\/dalealbo.cl\/colocolo\/tatiele-silveira-revela-la-clave-del-gran-momento-de-colo-colo-en-la-libertadores-femenina\" target=\"_blank\" rel=\"noopener\">Tatiele Silveira<\/a>, realiz\u00f3 unos cambios en el once titular.\u00a0<strong>Michelle Acevedo Olivares<\/strong>, se present\u00f3 como una de las grandes novedades y terminar\u00eda siendo un factor determinante para el triunfo del cuadro de Macul. Adem\u00e1s, Mar\u00eda Jos\u00e9 Urrutia fue estelar ante Libertad.<\/p>\n<h2>Colo Colo Femenino conoce a su rival en semifinales<\/h2>\n<p>Tras clasificarse a la ronda de los cuatro mejores equipos del continente, las colocolinas se acomodaron para conocer a sus adversarias en dicha instancia. Durante la noche de este domingo,\u00a0<strong>Deportivo Cali de Colombia y San Pablo de Brasil, chocaron para ganarse aquel cupo<\/strong>.<\/p>\n<div class=\"amp-video-docked-placeholder-background i-amphtml-fill-content\">\n<div class=\"amp-video-docked-placeholder-icon amp-small\"><\/div>\n<\/div>\n<\/div>\n<div class=\"amp-ad-placeholder \"><\/div>\n<div class=\"jsx-1062579547 article-body\" data-testid=\"article_body\">\n<p>A la postre, las colombianas se terminar\u00edan imponiendo ante su similar brasilero. Gracias a la anotaci\u00f3n de\u00a0<strong>Mar\u00eda Marqu\u00ednez Jacome en el minuto 34 del primer tiempo, el conjunto de Cali se pondr\u00eda en ventaja<\/strong>.<\/p>\n<p>De all\u00ed en m\u00e1s, el cuadro Paulista se ir\u00eda al ataque y buscar\u00eda con todo la igualad. Dicha situaci\u00f3n ser\u00eda aprovechada por las colombianas y comenzar\u00edan a atacar al espacio. Tras encontrarse con un penal a su favor, Paola Garc\u00eda marcar\u00eda el 2-0 y con ello, cerraba el encuentro. De esta manera,\u00a0<strong>Colo Colo Femenino chocar\u00e1 ante Deportivo Cali por las semifinales de Copa Libertadores.<\/strong><\/p>\n<\/div>\n","protected":false},"excerpt":{"rendered":"<p>Colo Colo Femenino\u00a0est\u00e1 decidido a hacer historia. En una nublada tarde de Buenos Aires,\u00a0las Albas chocaron ante Libertad de Paraguay por los Cuartos de Final de la\u00a0Copa Libertadores de Am\u00e9rica. Hasta dicha instancia, las colocolinas arribaron tras firmar una fase de grupos perfecta. Ante las de paraguayas,\u00a0Tatiele Silveira, realiz\u00f3 unos cambios en el once titular.\u00a0Michelle &hellip;<\/p>\n","protected":false},"author":2,"featured_media":10467,"comment_status":"closed","ping_status":"closed","sticky":false,"template":"","format":"standard","meta":{"footnotes":""},"categories":[5],"tags":[],"class_list":["post-10466","post","type-post","status-publish","format-standard","has-post-thumbnail","hentry","category-deportes"],"_links":{"self":[{"href":"https:\/\/www.elregional.cl\/index.php?rest_route=\/wp\/v2\/posts\/10466","targetHints":{"allow":["GET"]}}],"collection":[{"href":"https:\/\/www.elregional.cl\/index.php?rest_route=\/wp\/v2\/posts"}],"about":[{"href":"https:\/\/www.elregional.cl\/index.php?rest_route=\/wp\/v2\/types\/post"}],"author":[{"embeddable":true,"href":"https:\/\/www.elregional.cl\/index.php?rest_route=\/wp\/v2\/users\/2"}],"replies":[{"embeddable":true,"href":"https:\/\/www.elregional.cl\/index.php?rest_route=%2Fwp%2Fv2%2Fcomments&post=10466"}],"version-history":[{"count":2,"href":"https:\/\/www.elregional.cl\/index.php?rest_route=\/wp\/v2\/posts\/10466\/revisions"}],"predecessor-version":[{"id":10470,"href":"https:\/\/www.elregional.cl\/index.php?rest_route=\/wp\/v2\/posts\/10466\/revisions\/10470"}],"wp:featuredmedia":[{"embeddable":true,"href":"https:\/\/www.elregional.cl\/index.php?rest_route=\/wp\/v2\/media\/10467"}],"wp:attachment":[{"href":"https:\/\/www.elregional.cl\/index.php?rest_route=%2Fwp%2Fv2%2Fmedia&parent=10466"}],"wp:term":[{"taxonomy":"category","embeddable":true,"href":"https:\/\/www.elregional.cl\/index.php?rest_route=%2Fwp%2Fv2%2Fcategories&post=10466"},{"taxonomy":"post_tag","embeddable":true,"href":"https:\/\/www.elregional.cl\/index.php?rest_route=%2Fwp%2Fv2%2Ftags&post=10466"}],"curies":[{"name":"wp","href":"https:\/\/api.w.org\/{rel}","templated":true}]}}