{"id":10480,"date":"2025-10-14T08:15:25","date_gmt":"2025-10-14T08:15:25","guid":{"rendered":"https:\/\/www.elregional.cl\/?p=10480"},"modified":"2025-10-14T08:15:25","modified_gmt":"2025-10-14T08:15:25","slug":"team-chile-hara-historia-en-el-primer-mundial-de-ciclismo-pista-en-el-pais","status":"publish","type":"post","link":"https:\/\/www.elregional.cl\/?p=10480","title":{"rendered":"Team Chile har\u00e1 historia en el primer Mundial de Ciclismo Pista en el pa\u00eds"},"content":{"rendered":"<header class=\"main-article__header | all:margin-block-end-24\">\n<h1 class=\"main-article__title\"><\/h1>\n<figure class=\"main-article-info__author main-author-card\"><a class=\"main-author-card__media\" href=\"https:\/\/www.radioagricultura.cl\/autor\/thiara-julio\/\" data-has-event-static=\"1\"><img loading=\"lazy\" decoding=\"async\" class=\"main-author-card__image | u-aspect-ratio\" src=\"https:\/\/assets.radioagricultura.cl\/avatar-default.png\" alt=\"Thiara Julio\" width=\"55\" height=\"55\" \/><\/a><figcaption class=\"main-author-card__caption\"><\/figcaption><\/figure>\n<\/header>\n<div class=\"main-article__body main-layout\">\n<section class=\"main-article__content main-layout__item\">\n<div class=\"main-article__media main-article-media | u-mobile-negative-margin\">\n<footer class=\"main-article-media__footer | all:margin-block-start-12\"><\/footer>\n<\/div>\n<div class=\"main-article__text main-article-text | js-content-post | all:margin-block-start-20 all:margin-block-end-24\">\n<p data-start=\"200\" data-end=\"369\"><strong data-start=\"200\" data-end=\"284\">Chile ser\u00e1 sede por primera vez del Mundial de Ciclismo de Pista Tissot UCI 2025<\/strong>, evento que comenzar\u00e1 el pr\u00f3ximo\u00a0<strong data-start=\"318\" data-end=\"335\">22 de octubre.<\/strong><\/p>\n<p data-start=\"371\" data-end=\"547\">Este campeonato reunir\u00e1 a\u00a0<strong data-start=\"397\" data-end=\"427\">359 ciclistas de 39 pa\u00edses<\/strong>\u00a0y ser\u00e1 organizado por la\u00a0<strong data-start=\"453\" data-end=\"460\">UCI<\/strong>, el\u00a0<strong data-start=\"465\" data-end=\"472\">IND<\/strong>, la\u00a0<strong data-start=\"477\" data-end=\"491\">Fedenacich<\/strong>\u00a0y el\u00a0<strong data-start=\"497\" data-end=\"505\">COCh<\/strong>, marcando un hito deportivo para el pa\u00eds.<\/p>\n<p data-start=\"549\" data-end=\"689\"><strong data-start=\"549\" data-end=\"595\">El Team Chile participar\u00e1 con 18 ciclistas<\/strong>, incluyendo 16 titulares y 2 suplentes, quienes competir\u00e1n en todas las pruebas del certamen.<\/p>\n<p data-start=\"691\" data-end=\"846\">El vel\u00f3dromo de Pe\u00f1alol\u00e9n, que fue sede de los\u00a0<strong data-start=\"738\" data-end=\"780\">Juegos Parapanamericanos Santiago 2023<\/strong>, acoger\u00e1 este evento como\u00a0<strong data-start=\"807\" data-end=\"845\">referente continental del ciclismo<\/strong>.<\/p>\n<p data-start=\"848\" data-end=\"991\">Este Mundial proyecta gran impacto para el desarrollo del deporte nacional, posicionando a Chile como protagonista del ciclismo a nivel global.<\/p>\n<\/div>\n<\/section>\n<\/div>\n","protected":false},"excerpt":{"rendered":"<p>Chile ser\u00e1 sede por primera vez del Mundial de Ciclismo de Pista Tissot UCI 2025, evento que comenzar\u00e1 el pr\u00f3ximo\u00a022 de octubre. Este campeonato reunir\u00e1 a\u00a0359 ciclistas de 39 pa\u00edses\u00a0y ser\u00e1 organizado por la\u00a0UCI, el\u00a0IND, la\u00a0Fedenacich\u00a0y el\u00a0COCh, marcando un hito deportivo para el pa\u00eds. El Team Chile participar\u00e1 con 18 ciclistas, incluyendo 16 titulares y &hellip;<\/p>\n","protected":false},"author":2,"featured_media":10481,"comment_status":"closed","ping_status":"closed","sticky":false,"template":"","format":"standard","meta":{"footnotes":""},"categories":[5],"tags":[],"class_list":["post-10480","post","type-post","status-publish","format-standard","has-post-thumbnail","hentry","category-deportes"],"_links":{"self":[{"href":"https:\/\/www.elregional.cl\/index.php?rest_route=\/wp\/v2\/posts\/10480","targetHints":{"allow":["GET"]}}],"collection":[{"href":"https:\/\/www.elregional.cl\/index.php?rest_route=\/wp\/v2\/posts"}],"about":[{"href":"https:\/\/www.elregional.cl\/index.php?rest_route=\/wp\/v2\/types\/post"}],"author":[{"embeddable":true,"href":"https:\/\/www.elregional.cl\/index.php?rest_route=\/wp\/v2\/users\/2"}],"replies":[{"embeddable":true,"href":"https:\/\/www.elregional.cl\/index.php?rest_route=%2Fwp%2Fv2%2Fcomments&post=10480"}],"version-history":[{"count":1,"href":"https:\/\/www.elregional.cl\/index.php?rest_route=\/wp\/v2\/posts\/10480\/revisions"}],"predecessor-version":[{"id":10482,"href":"https:\/\/www.elregional.cl\/index.php?rest_route=\/wp\/v2\/posts\/10480\/revisions\/10482"}],"wp:featuredmedia":[{"embeddable":true,"href":"https:\/\/www.elregional.cl\/index.php?rest_route=\/wp\/v2\/media\/10481"}],"wp:attachment":[{"href":"https:\/\/www.elregional.cl\/index.php?rest_route=%2Fwp%2Fv2%2Fmedia&parent=10480"}],"wp:term":[{"taxonomy":"category","embeddable":true,"href":"https:\/\/www.elregional.cl\/index.php?rest_route=%2Fwp%2Fv2%2Fcategories&post=10480"},{"taxonomy":"post_tag","embeddable":true,"href":"https:\/\/www.elregional.cl\/index.php?rest_route=%2Fwp%2Fv2%2Ftags&post=10480"}],"curies":[{"name":"wp","href":"https:\/\/api.w.org\/{rel}","templated":true}]}}