{"id":10530,"date":"2025-10-16T06:46:26","date_gmt":"2025-10-16T06:46:26","guid":{"rendered":"https:\/\/www.elregional.cl\/?p=10530"},"modified":"2025-10-16T06:46:26","modified_gmt":"2025-10-16T06:46:26","slug":"camara-de-diputados-suspende-sesion-por-falta-de-quorum-llegaron-48-parlamentarios","status":"publish","type":"post","link":"https:\/\/www.elregional.cl\/?p=10530","title":{"rendered":"C\u00e1mara de Diputados suspende sesi\u00f3n por falta de quorum: llegaron 48 parlamentarios"},"content":{"rendered":"<header class=\"main-article__header | all:margin-block-end-24\">\n<h1 class=\"main-article__title\"><\/h1>\n<figure class=\"main-article-info__author main-author-card\"><a class=\"main-author-card__media\" href=\"https:\/\/www.radioagricultura.cl\/autor\/thiara-julio\/\" data-has-event-static=\"1\"><img loading=\"lazy\" decoding=\"async\" class=\"main-author-card__image | u-aspect-ratio\" src=\"https:\/\/assets.radioagricultura.cl\/avatar-default.png\" alt=\"Thiara Julio\" width=\"55\" height=\"55\" \/><\/a><figcaption class=\"main-author-card__caption\"><\/figcaption><\/figure>\n<\/header>\n<div class=\"main-article__body main-layout\">\n<section class=\"main-article__content main-layout__item\">\n<div class=\"main-article__text main-article-text | js-content-post | all:margin-block-start-20 all:margin-block-end-24\">\n<p data-start=\"164\" data-end=\"283\">La\u00a0<strong data-start=\"167\" data-end=\"202\">C\u00e1mara de Diputados<\/strong>\u00a0vivi\u00f3 una situaci\u00f3n poco habitual la ma\u00f1ana de este mi\u00e9rcoles\u00a0<strong data-start=\"265\" data-end=\"282\">15 de octubre<\/strong>.<\/p>\n<p data-start=\"164\" data-end=\"283\">La sesi\u00f3n que deb\u00eda comenzar a las\u00a0<strong data-start=\"320\" data-end=\"335\">10:00 horas<\/strong>\u00a0no pudo realizarse debido a que no se alcanz\u00f3 el\u00a0<strong data-start=\"385\" data-end=\"425\">quorum m\u00ednimo.<\/strong><\/p>\n<p data-start=\"164\" data-end=\"283\"><strong data-start=\"433\" data-end=\"449\">48 diputados<\/strong>\u00a0estaban presentes en la Sala, tres menos de los\u00a0<strong data-start=\"498\" data-end=\"515\">51 necesarios<\/strong>\u00a0para iniciar el trabajo legislativo programado.<\/p>\n<p data-start=\"565\" data-end=\"709\">Ante esta situaci\u00f3n, el presidente de la C\u00e1mara,\u00a0<strong data-start=\"612\" data-end=\"634\">Jos\u00e9 Miguel Castro<\/strong>, explic\u00f3:\u00a0<strong>\u201cse cumpli\u00f3 absolutamente el protocolo<\/strong>. No es la primera vez que pasa en un per\u00edodo parlamentario, en el periodo parlamentario anterior pas\u00f3\u201d.<\/p>\n<p data-start=\"711\" data-end=\"855\">Sin embargo, Castro asegur\u00f3: \u201cno es lo \u00f3ptimo, por supuesto,<strong>\u00a0pero las comisiones de hoy siguen funcionando exactamente igual\u201d.<\/strong><\/p>\n<\/div>\n<\/section>\n<\/div>\n","protected":false},"excerpt":{"rendered":"<p>La\u00a0C\u00e1mara de Diputados\u00a0vivi\u00f3 una situaci\u00f3n poco habitual la ma\u00f1ana de este mi\u00e9rcoles\u00a015 de octubre. La sesi\u00f3n que deb\u00eda comenzar a las\u00a010:00 horas\u00a0no pudo realizarse debido a que no se alcanz\u00f3 el\u00a0quorum m\u00ednimo. 48 diputados\u00a0estaban presentes en la Sala, tres menos de los\u00a051 necesarios\u00a0para iniciar el trabajo legislativo programado. Ante esta situaci\u00f3n, el presidente de la &hellip;<\/p>\n","protected":false},"author":2,"featured_media":10531,"comment_status":"closed","ping_status":"closed","sticky":false,"template":"","format":"standard","meta":{"footnotes":""},"categories":[3],"tags":[],"class_list":["post-10530","post","type-post","status-publish","format-standard","has-post-thumbnail","hentry","category-pais"],"_links":{"self":[{"href":"https:\/\/www.elregional.cl\/index.php?rest_route=\/wp\/v2\/posts\/10530","targetHints":{"allow":["GET"]}}],"collection":[{"href":"https:\/\/www.elregional.cl\/index.php?rest_route=\/wp\/v2\/posts"}],"about":[{"href":"https:\/\/www.elregional.cl\/index.php?rest_route=\/wp\/v2\/types\/post"}],"author":[{"embeddable":true,"href":"https:\/\/www.elregional.cl\/index.php?rest_route=\/wp\/v2\/users\/2"}],"replies":[{"embeddable":true,"href":"https:\/\/www.elregional.cl\/index.php?rest_route=%2Fwp%2Fv2%2Fcomments&post=10530"}],"version-history":[{"count":1,"href":"https:\/\/www.elregional.cl\/index.php?rest_route=\/wp\/v2\/posts\/10530\/revisions"}],"predecessor-version":[{"id":10532,"href":"https:\/\/www.elregional.cl\/index.php?rest_route=\/wp\/v2\/posts\/10530\/revisions\/10532"}],"wp:featuredmedia":[{"embeddable":true,"href":"https:\/\/www.elregional.cl\/index.php?rest_route=\/wp\/v2\/media\/10531"}],"wp:attachment":[{"href":"https:\/\/www.elregional.cl\/index.php?rest_route=%2Fwp%2Fv2%2Fmedia&parent=10530"}],"wp:term":[{"taxonomy":"category","embeddable":true,"href":"https:\/\/www.elregional.cl\/index.php?rest_route=%2Fwp%2Fv2%2Fcategories&post=10530"},{"taxonomy":"post_tag","embeddable":true,"href":"https:\/\/www.elregional.cl\/index.php?rest_route=%2Fwp%2Fv2%2Ftags&post=10530"}],"curies":[{"name":"wp","href":"https:\/\/api.w.org\/{rel}","templated":true}]}}