{"id":10610,"date":"2025-10-22T03:47:59","date_gmt":"2025-10-22T03:47:59","guid":{"rendered":"https:\/\/www.elregional.cl\/?p=10610"},"modified":"2025-10-22T03:47:59","modified_gmt":"2025-10-22T03:47:59","slug":"dos-nuevas-donaciones-de-organos-en-coquimbo-permiten-salvar-la-vida-de-cuatro-personas","status":"publish","type":"post","link":"https:\/\/www.elregional.cl\/?p=10610","title":{"rendered":"Dos nuevas donaciones de \u00f3rganos en Coquimbo permiten salvar la vida de cuatro personas"},"content":{"rendered":"<div class=\"et_pb_module et_pb_post_title et_pb_post_title_0_tb_body et_pb_bg_layout_light  et_pb_text_align_left\">\n<div class=\"et_pb_title_container\">\n<h1 class=\"entry-title\"><\/h1>\n<\/div>\n<\/div>\n<div class=\"et_pb_module et_pb_text et_pb_text_1_tb_body  et_pb_text_align_left et_pb_bg_layout_light\">\n<div class=\"et_pb_text_inner\">Mediante un pasillo de honor, los familiares de los pacientes y funcionarios del Hospital de Coquimbo reconocieron la decisi\u00f3n de quienes decidieron dar vida. 12 familiares se reunieron para reflexionar sobre el valor de la solidaridad y honrar la memoria de todos aquellos que han decidido dar una nueva esperanza.<\/div>\n<\/div>\n<div class=\"et_pb_module et_pb_image et_pb_image_0_tb_body\"><\/div>\n<div class=\"et_pb_module et_pb_post_content et_pb_post_content_0_tb_body\">\n<p>Con tal solo tres d\u00edas de diferencia, las puertas de la UCI del Hospital de Coquimbo se abrieron para despedir con honores a dos pacientes, quienes en vida manifestaron su deseo de ser donante de \u00f3rganos y tejidos.<\/p>\n<p>Para este \u00faltimo viaje, entre la Unidad de Cuidados Intensivos y pabell\u00f3n, los funcionarios hicieron una pausa en sus labores para formar un gran un pasillo de honor en se\u00f1al de reconocimiento al m\u00e1ximo acto de generosidad, que realizaron los pacientes de 68 y 55 a\u00f1os.<\/p>\n<p>Solo las melod\u00edas de sus canciones favoritas y el sonar de los cascabeles de fondo se escuchaban durante el transitar de la camilla por el hospital, como una forma de rendirles homenajes.<\/p>\n<p>Lida Miranda, enfermera jefa de la Unidad de Procuramiento de \u00d3rganos y Tejidos del hospital, explica que con solo tres d\u00edas de diferencia \u201ctuvimos la generosidad de dos familias de respetar la voluntad de su ser querido de donar vida\u201d.<\/p>\n<p>Este a\u00f1o ha sido particularmente especial para el Hospital de Coquimbo, ya que por primera vez se han concretado 13 donaciones de \u00f3rganos. Pero m\u00e1s all\u00e1 de los n\u00fameros, hay una historia de amor, valent\u00eda y respeto por quienes decidieron regalar vida m\u00e1s all\u00e1 de la muerte. Gracias a ese gesto, m\u00e1s de 53 pacientes pueden seguir viviendo.<\/p>\n<p>Una de esas historias es la de un hombre de 68 a\u00f1os, amante del acorde\u00f3n, alegre y cari\u00f1oso con sus nietos.<\/p>\n<p>Yasna, su hija, recuerda que la donaci\u00f3n \u00f3rganos es un tema que siempre ha estado presente en la familia. \u201cMi padre siempre le dijo a mi mam\u00e1 que quer\u00eda donar, quiz\u00e1s por eso nosotros tenemos el mismo pensamiento. Para nosotros, que mi papito haya donado sus \u00f3rganos es el mejor gesto de amor que puede a ver dado. Que \u00e9l haya tenido ese pensamiento nos lleva el coraz\u00f3n de orgullo y alegr\u00eda. Adem\u00e1s, que nos entrega una paz y tranquilidad para sobrellevar su partida entre tanto dolor\u201d.<\/p>\n<p>En nuestro pa\u00eds, solo se consideran donantes a las personas que fallecen por\u00a0<a title=\"\" href=\"https:\/\/yodonovida.minsal.cl\/donacion\/muerte-encefalica.html\" target=\"_blank\" rel=\"noopener\">muerte encef\u00e1lica<\/a>, lo que representa apenas un 2% del total de defunciones. Mientras tanto, a nivel nacional la lista de espera por un trasplante crece d\u00eda a d\u00eda, una realidad que todos podemos ayudar a cambiar en vida, simplemente conversando sobre el tema.<\/p>\n<p>Como cada a\u00f1o, funcionarios y familiares de donantes se reunieron para reflexionar sobre el valor de la solidaridad, honrar la memoria de quienes decidieron donar vida y agradecer a las familias, cuyo acto solidario permiti\u00f3 dar una nueva oportunidad a otras personas.<\/p>\n<p>Susy Pizarro, madre de \u201cPanchito\u201d un joven de 21 a\u00f1os, que el a\u00f1o pasado don\u00f3 sus \u00f3rganos, resalta la importancia de respetar la voluntad de los seres queridos, considerando que, de cada 100 personas fallecidas, menos de dos est\u00e1n en condiciones de donar sus \u00f3rganos, y solo una finalmente lo logra.<\/p>\n<\/div>\n","protected":false},"excerpt":{"rendered":"<p>Mediante un pasillo de honor, los familiares de los pacientes y funcionarios del Hospital de Coquimbo reconocieron la decisi\u00f3n de quienes decidieron dar vida. 12 familiares se reunieron para reflexionar sobre el valor de la solidaridad y honrar la memoria de todos aquellos que han decidido dar una nueva esperanza. Con tal solo tres d\u00edas &hellip;<\/p>\n","protected":false},"author":2,"featured_media":10611,"comment_status":"closed","ping_status":"closed","sticky":false,"template":"","format":"standard","meta":{"footnotes":""},"categories":[2],"tags":[],"class_list":["post-10610","post","type-post","status-publish","format-standard","has-post-thumbnail","hentry","category-regionales"],"_links":{"self":[{"href":"https:\/\/www.elregional.cl\/index.php?rest_route=\/wp\/v2\/posts\/10610","targetHints":{"allow":["GET"]}}],"collection":[{"href":"https:\/\/www.elregional.cl\/index.php?rest_route=\/wp\/v2\/posts"}],"about":[{"href":"https:\/\/www.elregional.cl\/index.php?rest_route=\/wp\/v2\/types\/post"}],"author":[{"embeddable":true,"href":"https:\/\/www.elregional.cl\/index.php?rest_route=\/wp\/v2\/users\/2"}],"replies":[{"embeddable":true,"href":"https:\/\/www.elregional.cl\/index.php?rest_route=%2Fwp%2Fv2%2Fcomments&post=10610"}],"version-history":[{"count":1,"href":"https:\/\/www.elregional.cl\/index.php?rest_route=\/wp\/v2\/posts\/10610\/revisions"}],"predecessor-version":[{"id":10612,"href":"https:\/\/www.elregional.cl\/index.php?rest_route=\/wp\/v2\/posts\/10610\/revisions\/10612"}],"wp:featuredmedia":[{"embeddable":true,"href":"https:\/\/www.elregional.cl\/index.php?rest_route=\/wp\/v2\/media\/10611"}],"wp:attachment":[{"href":"https:\/\/www.elregional.cl\/index.php?rest_route=%2Fwp%2Fv2%2Fmedia&parent=10610"}],"wp:term":[{"taxonomy":"category","embeddable":true,"href":"https:\/\/www.elregional.cl\/index.php?rest_route=%2Fwp%2Fv2%2Fcategories&post=10610"},{"taxonomy":"post_tag","embeddable":true,"href":"https:\/\/www.elregional.cl\/index.php?rest_route=%2Fwp%2Fv2%2Ftags&post=10610"}],"curies":[{"name":"wp","href":"https:\/\/api.w.org\/{rel}","templated":true}]}}