{"id":10672,"date":"2025-10-22T20:08:24","date_gmt":"2025-10-22T20:08:24","guid":{"rendered":"https:\/\/www.elregional.cl\/?p=10672"},"modified":"2025-10-22T20:08:24","modified_gmt":"2025-10-22T20:08:24","slug":"municipalidad-de-illapel-aclara-cuestionamientos-por-designacion-de-director-de-seguridad-publica-imputado-por-apremios-ilegitimos","status":"publish","type":"post","link":"https:\/\/www.elregional.cl\/?p=10672","title":{"rendered":"Municipalidad de Illapel aclara cuestionamientos por designaci\u00f3n de Director de Seguridad P\u00fablica imputado por apremios ileg\u00edtimos"},"content":{"rendered":"<div class=\"td-post-header\">\n<header class=\"td-post-title\">\n<div class=\"td-module-meta-info\"><\/div>\n<\/header>\n<\/div>\n<div class=\"td-post-content\">\n<div class=\"td-post-sharing td-post-sharing-top\">\n<div class=\"td-default-sharing\"><i class=\"td-icon-facebook\"><\/i>\u00a0<i class=\"td-icon-twitter\"><\/i>\u00a0<i class=\"td-icon-googleplus\"><\/i>\u00a0<i class=\"td-icon-pinterest\"><\/i>\u00a0<i class=\"td-icon-whatsapp\"><\/i><\/div>\n<\/div>\n<p><em><strong>Ante las publicaciones y cuestionamientos surgidos en redes sociales respecto al actual Director de Seguridad P\u00fablica de Illapel, el exmayor y excomisario de la comuna, Paolo Garay, la Municipalidad de Illapel emiti\u00f3 un comunicado p\u00fablico este 19 de octubre en el que busca \u201centregar informaci\u00f3n clara y transparente a la comunidad\u201d.<\/strong><\/em><\/p>\n<p>El municipio se\u00f1al\u00f3 que los hechos mencionados por distintos medios y usuarios corresponden a una\u00a0<strong>causa judicial a\u00fan en curso<\/strong>, relacionada con el contexto del estallido social del a\u00f1o 2019 en Los Vilos, y que\u00a0<strong>no cuenta con una sentencia definitiva<\/strong>.<\/p>\n<p>En ese sentido, la administraci\u00f3n comunal destac\u00f3 que\u00a0<strong>\u201csolo una condena ejecutoriada genera inhabilidad para ejercer funciones p\u00fablicas\u201d<\/strong>, lo que, seg\u00fan precis\u00f3, no se aplica en este caso. Por ello, no existir\u00eda ning\u00fan impedimento legal para que Garay contin\u00fae desempe\u00f1ando su cargo.<\/p>\n<p>Asimismo, el comunicado subraya que el Director de Seguridad P\u00fablica fue designado en 2022 y desde entonces \u201cha desarrollado su trabajo con profesionalismo, liderando acciones que han fortalecido la seguridad y la coordinaci\u00f3n con las polic\u00edas, instituciones y la comunidad\u201d.<\/p>\n<p>El municipio tambi\u00e9n fue enf\u00e1tico en manifestar su\u00a0<strong>rechazo a toda forma de violencia o vulneraci\u00f3n de derechos<\/strong>, se\u00f1alando su confianza en que los tribunales de justicia\u00a0<strong>\u201cesclarecer\u00e1n los hechos conforme al debido proceso\u201d<\/strong>.<\/p>\n<p>Finalmente, la Municipalidad reafirm\u00f3 que\u00a0<strong>la seguridad de Illapel seguir\u00e1 siendo una prioridad<\/strong>, y que toda decisi\u00f3n adoptada por la administraci\u00f3n comunal se gu\u00eda \u201cpor la legalidad, el servicio p\u00fablico y el bienestar de la comunidad\u201d.<\/p>\n<\/div>\n","protected":false},"excerpt":{"rendered":"<p>\u00a0\u00a0\u00a0\u00a0 Ante las publicaciones y cuestionamientos surgidos en redes sociales respecto al actual Director de Seguridad P\u00fablica de Illapel, el exmayor y excomisario de la comuna, Paolo Garay, la Municipalidad de Illapel emiti\u00f3 un comunicado p\u00fablico este 19 de octubre en el que busca \u201centregar informaci\u00f3n clara y transparente a la comunidad\u201d. El municipio se\u00f1al\u00f3 &hellip;<\/p>\n","protected":false},"author":2,"featured_media":10673,"comment_status":"closed","ping_status":"closed","sticky":false,"template":"","format":"standard","meta":{"footnotes":""},"categories":[2],"tags":[],"class_list":["post-10672","post","type-post","status-publish","format-standard","has-post-thumbnail","hentry","category-regionales"],"_links":{"self":[{"href":"https:\/\/www.elregional.cl\/index.php?rest_route=\/wp\/v2\/posts\/10672","targetHints":{"allow":["GET"]}}],"collection":[{"href":"https:\/\/www.elregional.cl\/index.php?rest_route=\/wp\/v2\/posts"}],"about":[{"href":"https:\/\/www.elregional.cl\/index.php?rest_route=\/wp\/v2\/types\/post"}],"author":[{"embeddable":true,"href":"https:\/\/www.elregional.cl\/index.php?rest_route=\/wp\/v2\/users\/2"}],"replies":[{"embeddable":true,"href":"https:\/\/www.elregional.cl\/index.php?rest_route=%2Fwp%2Fv2%2Fcomments&post=10672"}],"version-history":[{"count":1,"href":"https:\/\/www.elregional.cl\/index.php?rest_route=\/wp\/v2\/posts\/10672\/revisions"}],"predecessor-version":[{"id":10674,"href":"https:\/\/www.elregional.cl\/index.php?rest_route=\/wp\/v2\/posts\/10672\/revisions\/10674"}],"wp:featuredmedia":[{"embeddable":true,"href":"https:\/\/www.elregional.cl\/index.php?rest_route=\/wp\/v2\/media\/10673"}],"wp:attachment":[{"href":"https:\/\/www.elregional.cl\/index.php?rest_route=%2Fwp%2Fv2%2Fmedia&parent=10672"}],"wp:term":[{"taxonomy":"category","embeddable":true,"href":"https:\/\/www.elregional.cl\/index.php?rest_route=%2Fwp%2Fv2%2Fcategories&post=10672"},{"taxonomy":"post_tag","embeddable":true,"href":"https:\/\/www.elregional.cl\/index.php?rest_route=%2Fwp%2Fv2%2Ftags&post=10672"}],"curies":[{"name":"wp","href":"https:\/\/api.w.org\/{rel}","templated":true}]}}