{"id":1070,"date":"2024-09-06T10:03:41","date_gmt":"2024-09-06T10:03:41","guid":{"rendered":"https:\/\/www.elregional.cl\/?p=1070"},"modified":"2024-09-06T12:12:14","modified_gmt":"2024-09-06T12:12:14","slug":"dramatica-situacion-en-cesfam-de-coquimbo-no-hay-stock-de-remedios-y-ni-siquiera-papel-higienico","status":"publish","type":"post","link":"https:\/\/www.elregional.cl\/?p=1070","title":{"rendered":"DRAM\u00c1TICA SITUACI\u00d3N EN CESFAM DE COQUIMBO: NO HAY STOCK DE REMEDIOS Y NI SIQUIERA PAPEL HIGI\u00c9NICO."},"content":{"rendered":"<p>Durante la marcha del pasado mi\u00e9rcoles\u00a0 4 de Septiembre de los trabajadores de Fenats Regi\u00f3n Coquimbo por el centro porte\u00f1o, pudimos recopilar una serie de testimonios impactantes\u00a0 por parte de los trabajadores de la Salud primaria de la comuna que se desempe\u00f1an en los Cesfam y Postas rurales de Coquimbo.<\/p>\n<p><img loading=\"lazy\" decoding=\"async\" class=\"alignnone size-medium wp-image-1072\" src=\"https:\/\/www.elregional.cl\/wp-content\/uploads\/2024\/09\/ae5c0f09-d269-4578-a826-3c3f5005ca0c_16-9-aspect-ratio_default_0-300x231.jpg\" alt=\"\" width=\"300\" height=\"231\" \/><\/p>\n<p>Con un poco de temor por las represalias que pudieran tomar en su contra, nos se\u00f1alaron de manera an\u00f3nima que la situaci\u00f3n en los centros de atenci\u00f3n m\u00e9dica primaria de la comuna de Coquimbo es realmente catastr\u00f3fica. \u00bb Hay Cesfam que no tienen stock de remedios, no se pueden despachar recetas, para la atenci\u00f3n de pacientes no hay box disponibles ( no se han construido m\u00e1s), los m\u00e9dicos se tienen que \u00abpelear\u00bb un espacio para atender a la gente, las ambulancias casi todas\u00bb est\u00e1n con problemas mec\u00e1nicos y sin repuestos\u00bb y lo m\u00e1s indigno es que ni siquiera tenemos papel higi\u00e9nico para pacientes&#8230;ni menos para nosotros ( tenemos que comprarlo a diario), Si incluso el Cesfam de San Juan que es relativamente nuevo se llueve..im\u00e1g\u00ednese los otros\u00bbsentencian.<\/p>\n<p>ESTA ES LA PROMESA INCUMPLIDA POR EL ALCALDE MANOUCHERHI ( Fuente: P\u00e1gina oficial de la Municipalidad de Coquimbo)<\/p>\n<p><img loading=\"lazy\" decoding=\"async\" class=\"alignnone size-medium wp-image-1071\" src=\"https:\/\/www.elregional.cl\/wp-content\/uploads\/2024\/09\/Screenshot_20240906_053030_Chrome-300x220.jpg\" alt=\"\" width=\"300\" height=\"220\" \/><\/p>\n<p>Proyectar, en conjunto, el trabajo para los pr\u00f3ximos a\u00f1os en la Atenci\u00f3n Primaria de Salud para optimizar la atenci\u00f3n hacia los usuarios y con ello entregar una mejor calidad de vida a la comunidad, fue el objetivo de la reuni\u00f3n que sostuvo el alcalde de Coquimbo, Ali Manouchehri, junto a la directora del Departamento de Salud, Fabiola Araya y los ocho nuevos directores de los Centros de Salud Familiar, Cesfam, de la comuna puerto.<\/p>\n<p>Los profesionales -cuyo cargo dura tres a\u00f1os- fueron elegidos tras un concurso p\u00fablico establecido por la Ley 19.378 del Estatuto de atenci\u00f3n Primaria de Salud Municipal. Un concurso transparente que cumpli\u00f3 todas sus etapas, en el que se evaluaron antecedentes de acuerdo con el cargo y se consideraron factores como estudios, cursos de formaci\u00f3n educacional y de capacitaci\u00f3n, experiencia laboral y las aptitudes para el desempe\u00f1o de las funciones.<\/p>\n<p>El alcalde de Coquimbo, Ali Manouchehri convers\u00f3 con los directores y directoras para presentar el trabajo de su gesti\u00f3n por dignificar la atenci\u00f3n primaria, inyectando recursos y fortaleciendo la labor del Departamento de Salud. Destac\u00f3 la calidad profesional y experiencia de los nuevos directores y quienes fueron reelegidos en este cargo, que tienen como meta mejorar la calidad de vida de cada usuario.<\/p>\n<p>\u201cTuvimos una conversaci\u00f3n bien importante que nos permite analizar lo que est\u00e1 haciendo el municipio, los aportes hist\u00f3ricos que hemos entregado a la salud municipal y por supuesto las proyecciones de desarrollo. Nuestro objetivo es que los vecinos y vecinas puedan contar con una atenci\u00f3n de calidad, contar con todos los insumos y con una mejor salud, lo que es el gran desaf\u00edo que tenemos, en conjunto con la directora (DESAM) y con cada uno de los directores\u201d, indic\u00f3 el jefe comunal.<\/p>\n<p>Juzge Usted&#8230;<\/p>\n","protected":false},"excerpt":{"rendered":"<p>Durante la marcha del pasado mi\u00e9rcoles\u00a0 4 de Septiembre de los trabajadores de Fenats Regi\u00f3n Coquimbo por el centro porte\u00f1o, pudimos recopilar una serie de testimonios impactantes\u00a0 por parte de los trabajadores de la Salud primaria de la comuna que se desempe\u00f1an en los Cesfam y Postas rurales de Coquimbo. Con un poco de temor &hellip;<\/p>\n","protected":false},"author":2,"featured_media":0,"comment_status":"closed","ping_status":"closed","sticky":false,"template":"","format":"standard","meta":{"footnotes":""},"categories":[13],"tags":[],"class_list":["post-1070","post","type-post","status-publish","format-standard","hentry","category-coquimbo"],"_links":{"self":[{"href":"https:\/\/www.elregional.cl\/index.php?rest_route=\/wp\/v2\/posts\/1070","targetHints":{"allow":["GET"]}}],"collection":[{"href":"https:\/\/www.elregional.cl\/index.php?rest_route=\/wp\/v2\/posts"}],"about":[{"href":"https:\/\/www.elregional.cl\/index.php?rest_route=\/wp\/v2\/types\/post"}],"author":[{"embeddable":true,"href":"https:\/\/www.elregional.cl\/index.php?rest_route=\/wp\/v2\/users\/2"}],"replies":[{"embeddable":true,"href":"https:\/\/www.elregional.cl\/index.php?rest_route=%2Fwp%2Fv2%2Fcomments&post=1070"}],"version-history":[{"count":3,"href":"https:\/\/www.elregional.cl\/index.php?rest_route=\/wp\/v2\/posts\/1070\/revisions"}],"predecessor-version":[{"id":1077,"href":"https:\/\/www.elregional.cl\/index.php?rest_route=\/wp\/v2\/posts\/1070\/revisions\/1077"}],"wp:attachment":[{"href":"https:\/\/www.elregional.cl\/index.php?rest_route=%2Fwp%2Fv2%2Fmedia&parent=1070"}],"wp:term":[{"taxonomy":"category","embeddable":true,"href":"https:\/\/www.elregional.cl\/index.php?rest_route=%2Fwp%2Fv2%2Fcategories&post=1070"},{"taxonomy":"post_tag","embeddable":true,"href":"https:\/\/www.elregional.cl\/index.php?rest_route=%2Fwp%2Fv2%2Ftags&post=1070"}],"curies":[{"name":"wp","href":"https:\/\/api.w.org\/{rel}","templated":true}]}}