{"id":10721,"date":"2025-10-23T21:40:53","date_gmt":"2025-10-23T21:40:53","guid":{"rendered":"https:\/\/www.elregional.cl\/?p=10721"},"modified":"2025-10-23T21:40:53","modified_gmt":"2025-10-23T21:40:53","slug":"colombia-autoriza-extradicion-a-chile-de-involucrado-en-asesinato-de-ronald-ojeda","status":"publish","type":"post","link":"https:\/\/www.elregional.cl\/?p=10721","title":{"rendered":"Colombia autoriza extradici\u00f3n a Chile de involucrado en asesinato de Ronald Ojeda"},"content":{"rendered":"<p>Se trata de Luis Alfredo Castillo Ortiz, sujeto que ser\u00eda miembro del Tren de Aragua y que fue requerido por la justicia nacional por los delitos de asociaci\u00f3n il\u00edcita y secuestro con homicidio.<\/p>\n<p>Este jueves, la Corte Suprema de Justicia de Colombia inform\u00f3 que autoriz\u00f3 la extradici\u00f3n a Chile de Luis Alfredo Carrillo Ortiz, ciudadano colombo-venezolano involucrado en el secuestro y posterior asesinato del exmilitar venezolano Ronald Ojeda Moreno, crimen que fue perpetrado en Santiago de Chile en febrero de 2024.<br \/>\nCarrillo, quien supuestamente es integrante de la banda transnacional del Tren de Aragua, fue detenido por la Polic\u00eda en febrero pasado en la localidad de Chiscas, en el centro de Colombia, en \u00abatenci\u00f3n a una notificaci\u00f3n roja de Interpol\u00bb.<br \/>\nEn la decisi\u00f3n publicada hoy, la Corte Suprema record\u00f3 que Carrillo fue requerido por la justicia chilena por los \u00abdelitos de asociaci\u00f3n il\u00edcita y secuestro con homicidio\u00bb.<br \/>\nLas pruebas recogidas en las investigaciones indican que Carrillo supuestamente es \u00abuno de los responsables de, por lo menos, tres retenciones il\u00edcitas, tr\u00e1fico de migrantes, trata de personas, explotaci\u00f3n sexual, extorsi\u00f3n, venta de estupefacientes\u00bb, entre otras conductas perpetradas por el Tren de Aragua en diferentes sectores de Santiago de Chile.<br \/>\nEn ese sentido, las autoridades de nuestro pa\u00eds lo se\u00f1alan por hacer parte del grupo armado que, suplantando a las autoridades chilenas y con una orden judicial falsa, ingres\u00f3 a un edificio de la comuna de Independencia, momento en donde se llev\u00f3 a Ojeda, \u00ablo mantuvo en cautiverio y finalmente le caus\u00f3 la muerte el 21 de febrero de 2024\u00bb.<br \/>\nEl cuerpo de la v\u00edctima fue encontrado nueve d\u00edas despu\u00e9s, oculto dentro de una maleta que hab\u00eda sido abandonada en el campamento Santa Marta, en la comuna de Maip\u00fa.<br \/>\nLuego de la aprobaci\u00f3n de la Corte, solo resta que el presidente colombiano, Gustavo Petro, la confirme. Con ello, el detenido ser\u00e1 entregado a las autoridades chilenas.<\/p>\n<p>Fuente: https:\/\/www.soychile.cl\/santiago\/sociedad\/2025\/10\/23\/926108\/autorizan-extradicion-involucrado-crimen-ojeda.html<br \/>\nSitio:Soychile.cl<\/p>\n","protected":false},"excerpt":{"rendered":"<p>Se trata de Luis Alfredo Castillo Ortiz, sujeto que ser\u00eda miembro del Tren de Aragua y que fue requerido por la justicia nacional por los delitos de asociaci\u00f3n il\u00edcita y secuestro con homicidio. Este jueves, la Corte Suprema de Justicia de Colombia inform\u00f3 que autoriz\u00f3 la extradici\u00f3n a Chile de Luis Alfredo Carrillo Ortiz, ciudadano &hellip;<\/p>\n","protected":false},"author":2,"featured_media":10722,"comment_status":"closed","ping_status":"closed","sticky":false,"template":"","format":"standard","meta":{"footnotes":""},"categories":[4],"tags":[],"class_list":["post-10721","post","type-post","status-publish","format-standard","has-post-thumbnail","hentry","category-mundo"],"_links":{"self":[{"href":"https:\/\/www.elregional.cl\/index.php?rest_route=\/wp\/v2\/posts\/10721","targetHints":{"allow":["GET"]}}],"collection":[{"href":"https:\/\/www.elregional.cl\/index.php?rest_route=\/wp\/v2\/posts"}],"about":[{"href":"https:\/\/www.elregional.cl\/index.php?rest_route=\/wp\/v2\/types\/post"}],"author":[{"embeddable":true,"href":"https:\/\/www.elregional.cl\/index.php?rest_route=\/wp\/v2\/users\/2"}],"replies":[{"embeddable":true,"href":"https:\/\/www.elregional.cl\/index.php?rest_route=%2Fwp%2Fv2%2Fcomments&post=10721"}],"version-history":[{"count":1,"href":"https:\/\/www.elregional.cl\/index.php?rest_route=\/wp\/v2\/posts\/10721\/revisions"}],"predecessor-version":[{"id":10723,"href":"https:\/\/www.elregional.cl\/index.php?rest_route=\/wp\/v2\/posts\/10721\/revisions\/10723"}],"wp:featuredmedia":[{"embeddable":true,"href":"https:\/\/www.elregional.cl\/index.php?rest_route=\/wp\/v2\/media\/10722"}],"wp:attachment":[{"href":"https:\/\/www.elregional.cl\/index.php?rest_route=%2Fwp%2Fv2%2Fmedia&parent=10721"}],"wp:term":[{"taxonomy":"category","embeddable":true,"href":"https:\/\/www.elregional.cl\/index.php?rest_route=%2Fwp%2Fv2%2Fcategories&post=10721"},{"taxonomy":"post_tag","embeddable":true,"href":"https:\/\/www.elregional.cl\/index.php?rest_route=%2Fwp%2Fv2%2Ftags&post=10721"}],"curies":[{"name":"wp","href":"https:\/\/api.w.org\/{rel}","templated":true}]}}