{"id":10755,"date":"2025-10-24T23:05:21","date_gmt":"2025-10-24T23:05:21","guid":{"rendered":"https:\/\/www.elregional.cl\/?p=10755"},"modified":"2025-10-24T23:05:21","modified_gmt":"2025-10-24T23:05:21","slug":"con-goles-de-loyola-y-millan-revive-independiente-y-gana-3-0-a-platense","status":"publish","type":"post","link":"https:\/\/www.elregional.cl\/?p=10755","title":{"rendered":"Con goles de Loyola y Mill\u00e1n revive Independiente y gana 3-0 a Platense"},"content":{"rendered":"<p>Por: Andr\u00e9s Sandoval Z.<\/p>\n<p>El Rojo logr\u00f3 su primer triunfo en el Campeonato argentino.<\/p>\n<p>Est\u00e1 tarde se cort\u00f3 una racha de 15 partidos sin ganar por parte de Independiente de Avellaneda, al ganar como local a Platense por 3 tantos a 0.<\/p>\n<p>Los Diablos rojos tuvieron un dubitativo comienzo del cotejo ya que los Calamares anularon a los rojos en todas sus l\u00edneas, sin embargo con tantos de \u00c1valos, Loyola y Mill\u00e1n los Diablos rojos pudieron finalmente lograr su primera victoria en el torneo Trasandino.<\/p>\n","protected":false},"excerpt":{"rendered":"<p>Por: Andr\u00e9s Sandoval Z. El Rojo logr\u00f3 su primer triunfo en el Campeonato argentino. Est\u00e1 tarde se cort\u00f3 una racha de 15 partidos sin ganar por parte de Independiente de Avellaneda, al ganar como local a Platense por 3 tantos a 0. Los Diablos rojos tuvieron un dubitativo comienzo del cotejo ya que los Calamares &hellip;<\/p>\n","protected":false},"author":2,"featured_media":10756,"comment_status":"closed","ping_status":"closed","sticky":false,"template":"","format":"standard","meta":{"footnotes":""},"categories":[5],"tags":[],"class_list":["post-10755","post","type-post","status-publish","format-standard","has-post-thumbnail","hentry","category-deportes"],"_links":{"self":[{"href":"https:\/\/www.elregional.cl\/index.php?rest_route=\/wp\/v2\/posts\/10755","targetHints":{"allow":["GET"]}}],"collection":[{"href":"https:\/\/www.elregional.cl\/index.php?rest_route=\/wp\/v2\/posts"}],"about":[{"href":"https:\/\/www.elregional.cl\/index.php?rest_route=\/wp\/v2\/types\/post"}],"author":[{"embeddable":true,"href":"https:\/\/www.elregional.cl\/index.php?rest_route=\/wp\/v2\/users\/2"}],"replies":[{"embeddable":true,"href":"https:\/\/www.elregional.cl\/index.php?rest_route=%2Fwp%2Fv2%2Fcomments&post=10755"}],"version-history":[{"count":1,"href":"https:\/\/www.elregional.cl\/index.php?rest_route=\/wp\/v2\/posts\/10755\/revisions"}],"predecessor-version":[{"id":10757,"href":"https:\/\/www.elregional.cl\/index.php?rest_route=\/wp\/v2\/posts\/10755\/revisions\/10757"}],"wp:featuredmedia":[{"embeddable":true,"href":"https:\/\/www.elregional.cl\/index.php?rest_route=\/wp\/v2\/media\/10756"}],"wp:attachment":[{"href":"https:\/\/www.elregional.cl\/index.php?rest_route=%2Fwp%2Fv2%2Fmedia&parent=10755"}],"wp:term":[{"taxonomy":"category","embeddable":true,"href":"https:\/\/www.elregional.cl\/index.php?rest_route=%2Fwp%2Fv2%2Fcategories&post=10755"},{"taxonomy":"post_tag","embeddable":true,"href":"https:\/\/www.elregional.cl\/index.php?rest_route=%2Fwp%2Fv2%2Ftags&post=10755"}],"curies":[{"name":"wp","href":"https:\/\/api.w.org\/{rel}","templated":true}]}}