{"id":10765,"date":"2025-10-26T13:55:21","date_gmt":"2025-10-26T13:55:21","guid":{"rendered":"https:\/\/www.elregional.cl\/?p=10765"},"modified":"2025-10-26T13:55:21","modified_gmt":"2025-10-26T13:55:21","slug":"tras-22-dias-de-busqueda-pdi-halla-el-cuerpo-de-krishna-aguilera-en-calera-de-tango","status":"publish","type":"post","link":"https:\/\/www.elregional.cl\/?p=10765","title":{"rendered":"Tras 22 d\u00edas de b\u00fasqueda: PDI halla el cuerpo de Krishna Aguilera en Calera de Tango"},"content":{"rendered":"<div class=\"div_titulo\">\n<h1 id=\"ucDetalle_TituloNoticia\"><\/h1>\n<\/div>\n<div class=\"div_h2\">\n<h5 id=\"ucDetalle_BajadaNoticia\">Emol.cl<\/h5>\n<h5>Durante la ma\u00f1ana de este domingo, en tanto, se confirm\u00f3 la detenci\u00f3n de un sexto sujeto presuntamente involucrado en su crimen.<\/h5>\n<\/div>\n<div class=\"contenedor-columnas\" data-vista=\"relato\">\n<div class=\"box-central\">\n<div class=\"mrcdr_cont_relato\"><\/div>\n<\/div>\n<\/div>\n<div class=\"contenedor_social_emol\"><\/div>\n<div id=\"ucDetalle_CuerpoNoticia\" class=\"cuerpo_noticia cuerpo_noti_height_full\">La Polic\u00eda de Investigaciones (PDI) inform\u00f3 el\u00a0<b>hallazgo del cuerpo de Krishna Aguilera<\/b>, joven que se encontraba desaparecida desde el pasado 4 de octubre.<\/p>\n<div><\/div>\n<div>Personal policial dio con el paradero de la joven durante la madrugada de este domingo en la\u00a0<b>comuna de Calera de Tango<\/b>, regi\u00f3n Metropolitana, zona donde se hab\u00edan estado realizando diligencias investigativas.<\/div>\n<div><\/div>\n<div>Seg\u00fan inform\u00f3 el jefe nacional de Delitos contra las Personas de la PDI, Jorge Abatte, \u00abse logra el hallazgo de Krishna en este sector, en este sitio del suceso, el cual ha sido trabajado por parte del laboratorio, distintas unidades especializadas a fin de determinar fehacientemente c\u00f3mo ocurrieron estos hechos\u00bb.<\/div>\n<div><\/div>\n<div>Sobre c\u00f3mo se produjo la muerte, asever\u00f3 que \u00abes parte de las pericias que se est\u00e1n efectuando en este momento por parte de la Brigada de Homicidios, con nuestro m\u00e9dico criminalista, el laboratorio tambi\u00e9n, a fin de determinar por un lado la identidad que hace pocos minutos se logra establecer y se comunica a la familia por parte del Ministerio P\u00fablico\u00bb.<\/div>\n<div><\/div>\n<div>Abatte no revel\u00f3 mayores detalles sobre el hallazgo considerando que se trata de una<b>\u00a0investigaci\u00f3n reservada<\/b>, a\u00f1adiendo que personal de la PDI continuar\u00e1 con las diligencias correspondientes para determinar las circunstancias en que ocurri\u00f3 el crimen.<\/div>\n<div><\/div>\n<div>Hay que el paradero de Krishna Aguilera, de 19 a\u00f1os, era desconocido desde el pasado 4 de octubre, cuando desapareci\u00f3 durante la madrugada en la comuna de San Bernardo.<\/div>\n<div><\/div>\n<div>En tanto, este s\u00e1bado se realiz\u00f3 el control de detenci\u00f3n de cuatro personas, las que el Ministerio P\u00fablico pretende formalizar este martes por el delito de secuestro con homicidio.<\/div>\n<div><\/div>\n<div>Estas se suman al primer aprehendido, Juan Beltr\u00e1n, quien qued\u00f3 en prisi\u00f3n preventiva tras haber sido formalizado el pasado domingo.<\/div>\n<div><\/div>\n<div>Adem\u00e1s, durante la ma\u00f1ana de este domingo se inform\u00f3 la\u00a0<b>aprehensi\u00f3n de un sexto sujeto<\/b>, el que pasar\u00e1 a control de detenci\u00f3n a las 10:30 horas en el Juzgado de Garant\u00eda de San Bernardo por su presunta participaci\u00f3n en el secuestro y posterior homicidio.<\/div>\n<\/div>\n","protected":false},"excerpt":{"rendered":"<p>Emol.cl Durante la ma\u00f1ana de este domingo, en tanto, se confirm\u00f3 la detenci\u00f3n de un sexto sujeto presuntamente involucrado en su crimen. La Polic\u00eda de Investigaciones (PDI) inform\u00f3 el\u00a0hallazgo del cuerpo de Krishna Aguilera, joven que se encontraba desaparecida desde el pasado 4 de octubre. Personal policial dio con el paradero de la joven durante &hellip;<\/p>\n","protected":false},"author":2,"featured_media":10766,"comment_status":"closed","ping_status":"closed","sticky":false,"template":"","format":"standard","meta":{"footnotes":""},"categories":[3],"tags":[],"class_list":["post-10765","post","type-post","status-publish","format-standard","has-post-thumbnail","hentry","category-pais"],"_links":{"self":[{"href":"https:\/\/www.elregional.cl\/index.php?rest_route=\/wp\/v2\/posts\/10765","targetHints":{"allow":["GET"]}}],"collection":[{"href":"https:\/\/www.elregional.cl\/index.php?rest_route=\/wp\/v2\/posts"}],"about":[{"href":"https:\/\/www.elregional.cl\/index.php?rest_route=\/wp\/v2\/types\/post"}],"author":[{"embeddable":true,"href":"https:\/\/www.elregional.cl\/index.php?rest_route=\/wp\/v2\/users\/2"}],"replies":[{"embeddable":true,"href":"https:\/\/www.elregional.cl\/index.php?rest_route=%2Fwp%2Fv2%2Fcomments&post=10765"}],"version-history":[{"count":1,"href":"https:\/\/www.elregional.cl\/index.php?rest_route=\/wp\/v2\/posts\/10765\/revisions"}],"predecessor-version":[{"id":10767,"href":"https:\/\/www.elregional.cl\/index.php?rest_route=\/wp\/v2\/posts\/10765\/revisions\/10767"}],"wp:featuredmedia":[{"embeddable":true,"href":"https:\/\/www.elregional.cl\/index.php?rest_route=\/wp\/v2\/media\/10766"}],"wp:attachment":[{"href":"https:\/\/www.elregional.cl\/index.php?rest_route=%2Fwp%2Fv2%2Fmedia&parent=10765"}],"wp:term":[{"taxonomy":"category","embeddable":true,"href":"https:\/\/www.elregional.cl\/index.php?rest_route=%2Fwp%2Fv2%2Fcategories&post=10765"},{"taxonomy":"post_tag","embeddable":true,"href":"https:\/\/www.elregional.cl\/index.php?rest_route=%2Fwp%2Fv2%2Ftags&post=10765"}],"curies":[{"name":"wp","href":"https:\/\/api.w.org\/{rel}","templated":true}]}}