{"id":10769,"date":"2025-10-26T14:03:08","date_gmt":"2025-10-26T14:03:08","guid":{"rendered":"https:\/\/www.elregional.cl\/?p=10769"},"modified":"2025-10-26T14:03:08","modified_gmt":"2025-10-26T14:03:08","slug":"presidentes-de-fifa-conmebol-y-federacion-de-futbol-de-chile-inauguran-car-jose-sulantay-silva","status":"publish","type":"post","link":"https:\/\/www.elregional.cl\/?p=10769","title":{"rendered":"Presidentes de FIFA, CONMEBOL y Federaci\u00f3n de F\u00fatbol de Chile inauguran CAR Jos\u00e9 Sulantay Silva"},"content":{"rendered":"<div class=\"elementor-element elementor-element-6f1ef2b8 e-con-full e-flex e-con e-child\" data-id=\"6f1ef2b8\" data-element_type=\"container\">\n<div class=\"elementor-element elementor-element-1036b062 elementor-widget elementor-widget-jet-listing-dynamic-field\" data-id=\"1036b062\" data-element_type=\"widget\" data-widget_type=\"jet-listing-dynamic-field.default\">\n<div class=\"elementor-widget-container\">\n<div class=\"jet-listing-dynamic-field__content\"><\/div>\n<\/div>\n<\/div>\n<div class=\"elementor-element elementor-element-4e98a45 elementor-widget elementor-widget-jet-listing-dynamic-field\" data-id=\"4e98a45\" data-element_type=\"widget\" data-widget_type=\"jet-listing-dynamic-field.default\">\n<div class=\"elementor-widget-container\">\n<div class=\"jet-listing-dynamic-field__content\">La Federaci\u00f3n de F\u00fatbol de Chile (FFCh), junto al programa FIFA Forward de la FIFA, cortaron el list\u00f3n inaugural de uno de los centros de alto rendimiento para selecciones nacionales juveniles m\u00e1s modernos de Latinoam\u00e9rica.<\/div>\n<\/div>\n<\/div>\n<\/div>\n<div class=\"elementor-element elementor-element-690e63d0 e-con-full e-flex e-con e-child\" data-id=\"690e63d0\" data-element_type=\"container\">\n<div class=\"elementor-element elementor-element-6fa27bf8 elementor-widget elementor-widget-image\" data-id=\"6fa27bf8\" data-element_type=\"widget\" data-widget_type=\"image.default\">\n<div class=\"elementor-widget-container\"><img loading=\"lazy\" decoding=\"async\" class=\"attachment-large size-large wp-image-12958\" src=\"https:\/\/www.anfp.cl\/wp-content\/uploads\/2025\/10\/Inauguracion-CAR-Jose-Sulantay-Silva-FFCH-Comunicaciones-FFCH-x-FIFA-6-1024x738.jpg\" sizes=\"auto, (max-width: 1024px) 100vw, 1024px\" srcset=\"https:\/\/www.anfp.cl\/wp-content\/uploads\/2025\/10\/Inauguracion-CAR-Jose-Sulantay-Silva-FFCH-Comunicaciones-FFCH-x-FIFA-6-1024x738.jpg 1024w, https:\/\/www.anfp.cl\/wp-content\/uploads\/2025\/10\/Inauguracion-CAR-Jose-Sulantay-Silva-FFCH-Comunicaciones-FFCH-x-FIFA-6-300x216.jpg 300w, https:\/\/www.anfp.cl\/wp-content\/uploads\/2025\/10\/Inauguracion-CAR-Jose-Sulantay-Silva-FFCH-Comunicaciones-FFCH-x-FIFA-6-768x553.jpg 768w, https:\/\/www.anfp.cl\/wp-content\/uploads\/2025\/10\/Inauguracion-CAR-Jose-Sulantay-Silva-FFCH-Comunicaciones-FFCH-x-FIFA-6-1536x1107.jpg 1536w, https:\/\/www.anfp.cl\/wp-content\/uploads\/2025\/10\/Inauguracion-CAR-Jose-Sulantay-Silva-FFCH-Comunicaciones-FFCH-x-FIFA-6-2048x1476.jpg 2048w, https:\/\/www.anfp.cl\/wp-content\/uploads\/2025\/10\/Inauguracion-CAR-Jose-Sulantay-Silva-FFCH-Comunicaciones-FFCH-x-FIFA-6-600x432.jpg 600w\" alt=\"\" width=\"1024\" height=\"738\" \/><\/div>\n<\/div>\n<\/div>\n<div class=\"elementor-element elementor-element-6069f062 e-con-full e-flex e-con e-child\" data-id=\"6069f062\" data-element_type=\"container\">\n<div class=\"elementor-element elementor-element-26de465d elementor-widget elementor-widget-jet-listing-dynamic-field\" data-id=\"26de465d\" data-element_type=\"widget\" data-widget_type=\"jet-listing-dynamic-field.default\">\n<div class=\"elementor-widget-container\">\n<div class=\"jet-listing-dynamic-field__content\">\n<p><strong>El legado de Jos\u00e9 Sulantay Silva seguir\u00e1 en el coraz\u00f3n de las futuras generaciones del f\u00fatbol chileno.<\/strong>\u00a0En una jornada emotiva en Quil\u00edn, junto a la familia del estratega nacional, la\u00a0<strong>Federaci\u00f3n de F\u00fatbol de Chile<\/strong>\u00a0junto a\u00a0<strong>FIFA<\/strong>\u00a0y\u00a0<strong>CONMEBOL<\/strong>\u00a0inauguraron el\u00a0<strong>CAR Jos\u00e9 Sulantay Silva<\/strong>, un innovador centro de alto rendimiento dedicado a la formaci\u00f3n de los combinados nacionales juveniles masculinos y femeninos.<\/p>\n<p>Con la presencia de\u00a0<strong>Gianni Infantino<\/strong>,\u00a0<strong>Presidente de la FIFA<\/strong>;\u00a0<strong>Alejandro Dom\u00ednguez<\/strong>,\u00a0<strong>Presidente de CONMEBOL<\/strong>;\u00a0<strong>Pablo Milad Abusleme<\/strong>,\u00a0<strong>Presidente de la Federaci\u00f3n de F\u00fatbol de Chile<\/strong>;\u00a0<strong>Jaime Pizarro<\/strong>,\u00a0<strong>Ministro del Deporte de la Rep\u00fablica de Chile<\/strong>; las leyendas de FIFA,\u00a0<strong>El\u00edas Figueroa Brander<\/strong>\u00a0y\u00a0<strong>Davor Suker<\/strong>, el directorio de la Federaci\u00f3n de F\u00fatbol de Chile, entre otras autoridades y grandes invitados, se devel\u00f3 la placa oficial, se abrieron las puertas del complejo y se honr\u00f3 la memoria y trayectoria de Jos\u00e9 Sulantay Silva con un edificio que ser\u00e1 crucial en el fortalecimiento y mejora de las pr\u00f3ximas grandes generaciones del f\u00fatbol chileno.<\/p>\n<\/div>\n<\/div>\n<\/div>\n<\/div>\n","protected":false},"excerpt":{"rendered":"<p>La Federaci\u00f3n de F\u00fatbol de Chile (FFCh), junto al programa FIFA Forward de la FIFA, cortaron el list\u00f3n inaugural de uno de los centros de alto rendimiento para selecciones nacionales juveniles m\u00e1s modernos de Latinoam\u00e9rica. El legado de Jos\u00e9 Sulantay Silva seguir\u00e1 en el coraz\u00f3n de las futuras generaciones del f\u00fatbol chileno.\u00a0En una jornada emotiva &hellip;<\/p>\n","protected":false},"author":2,"featured_media":10770,"comment_status":"closed","ping_status":"closed","sticky":false,"template":"","format":"standard","meta":{"footnotes":""},"categories":[5],"tags":[],"class_list":["post-10769","post","type-post","status-publish","format-standard","has-post-thumbnail","hentry","category-deportes"],"_links":{"self":[{"href":"https:\/\/www.elregional.cl\/index.php?rest_route=\/wp\/v2\/posts\/10769","targetHints":{"allow":["GET"]}}],"collection":[{"href":"https:\/\/www.elregional.cl\/index.php?rest_route=\/wp\/v2\/posts"}],"about":[{"href":"https:\/\/www.elregional.cl\/index.php?rest_route=\/wp\/v2\/types\/post"}],"author":[{"embeddable":true,"href":"https:\/\/www.elregional.cl\/index.php?rest_route=\/wp\/v2\/users\/2"}],"replies":[{"embeddable":true,"href":"https:\/\/www.elregional.cl\/index.php?rest_route=%2Fwp%2Fv2%2Fcomments&post=10769"}],"version-history":[{"count":1,"href":"https:\/\/www.elregional.cl\/index.php?rest_route=\/wp\/v2\/posts\/10769\/revisions"}],"predecessor-version":[{"id":10771,"href":"https:\/\/www.elregional.cl\/index.php?rest_route=\/wp\/v2\/posts\/10769\/revisions\/10771"}],"wp:featuredmedia":[{"embeddable":true,"href":"https:\/\/www.elregional.cl\/index.php?rest_route=\/wp\/v2\/media\/10770"}],"wp:attachment":[{"href":"https:\/\/www.elregional.cl\/index.php?rest_route=%2Fwp%2Fv2%2Fmedia&parent=10769"}],"wp:term":[{"taxonomy":"category","embeddable":true,"href":"https:\/\/www.elregional.cl\/index.php?rest_route=%2Fwp%2Fv2%2Fcategories&post=10769"},{"taxonomy":"post_tag","embeddable":true,"href":"https:\/\/www.elregional.cl\/index.php?rest_route=%2Fwp%2Fv2%2Ftags&post=10769"}],"curies":[{"name":"wp","href":"https:\/\/api.w.org\/{rel}","templated":true}]}}