{"id":10794,"date":"2025-10-27T06:09:20","date_gmt":"2025-10-27T06:09:20","guid":{"rendered":"https:\/\/www.elregional.cl\/?p=10794"},"modified":"2025-10-27T06:10:28","modified_gmt":"2025-10-27T06:10:28","slug":"auxiliar-con-44-anos-en-el-colegio-diego-de-almagro-demanda-a-la-municipalidad-de-los-vilos-por-presunto-despido-injustificado","status":"publish","type":"post","link":"https:\/\/www.elregional.cl\/?p=10794","title":{"rendered":"Auxiliar con 44 a\u00f1os en el Colegio Diego de Almagro demanda a la Municipalidad de Los Vilos por presunto despido injustificado  \u00a0 \u00a0\u00a0"},"content":{"rendered":"<p>.<\/p>\n<p>Un nuevo conflicto judicial enfrenta la Ilustre Municipalidad de Los Vilos, luego que un exfuncionario del Colegio Diego de Almagro presentara una demanda por nulidad de despido, despido injustificado e indemnizaciones laborales ante el tribunal competente.<\/p>\n<p>&nbsp;<\/p>\n<p>El demandante es Carlos Humberto Meneses Castro, domiciliado en Los Vilos, quien a trav\u00e9s de su abogado Erwin Alejandro Mendoza Contreras, interpuso la acci\u00f3n legal en contra del municipio, representado por el alcalde Christian Gross Hidalgo.<\/p>\n<p>&nbsp;<\/p>\n<p>Seg\u00fan consta en el procedimiento ordinario ingresado, la causa busca que se declare la nulidad del despido, adem\u00e1s del pago de indemnizaciones legales y prestaciones laborales adeudadas, argumentando que la desvinculaci\u00f3n habr\u00eda sido \u201cinjustificada e incausada\u201d.<\/p>\n<p>&nbsp;<\/p>\n<p>\u201cEl funcionario contaba con m\u00e1s de 44 a\u00f1os de servicio y fue notificado de su despido mediante correo electr\u00f3nico, en momentos en que ingresaba a desarrollar sus labores habituales. Adem\u00e1s, consta el no pago de sus cotizaciones previsionales, entre 30 y 32 que mantiene en sus registros de AFP y Fonasa. La Ley Bustos es clara y corresponde que el Tribunal Laboral de Los Vilos declare la nulidad del despido mientras no se convalide el pago de todas las cotizaciones\u201d, precis\u00f3 el abogado Mendoza.<\/p>\n<p>&nbsp;<\/p>\n<p>El tribunal deber\u00e1 determinar si el municipio cumpli\u00f3 con las obligaciones legales en materia laboral y previsional respecto del demandante. De acreditarse la nulidad, la Municipalidad podr\u00eda verse obligada a cancelar las remuneraciones correspondientes al per\u00edodo comprendido entre la fecha del despido y la convalidaci\u00f3n del mismo, adem\u00e1s de las indemnizaciones que determine la sentencia.<\/p>\n<p>&nbsp;<\/p>\n<p>Por ahora, la causa se encuentra en tr\u00e1mite y a la espera de las actuaciones judiciales correspondientes.<\/p>\n","protected":false},"excerpt":{"rendered":"<p>. Un nuevo conflicto judicial enfrenta la Ilustre Municipalidad de Los Vilos, luego que un exfuncionario del Colegio Diego de Almagro presentara una demanda por nulidad de despido, despido injustificado e indemnizaciones laborales ante el tribunal competente. &nbsp; El demandante es Carlos Humberto Meneses Castro, domiciliado en Los Vilos, quien a trav\u00e9s de su abogado &hellip;<\/p>\n","protected":false},"author":2,"featured_media":10796,"comment_status":"closed","ping_status":"closed","sticky":false,"template":"","format":"standard","meta":{"footnotes":""},"categories":[2],"tags":[],"class_list":["post-10794","post","type-post","status-publish","format-standard","has-post-thumbnail","hentry","category-regionales"],"_links":{"self":[{"href":"https:\/\/www.elregional.cl\/index.php?rest_route=\/wp\/v2\/posts\/10794","targetHints":{"allow":["GET"]}}],"collection":[{"href":"https:\/\/www.elregional.cl\/index.php?rest_route=\/wp\/v2\/posts"}],"about":[{"href":"https:\/\/www.elregional.cl\/index.php?rest_route=\/wp\/v2\/types\/post"}],"author":[{"embeddable":true,"href":"https:\/\/www.elregional.cl\/index.php?rest_route=\/wp\/v2\/users\/2"}],"replies":[{"embeddable":true,"href":"https:\/\/www.elregional.cl\/index.php?rest_route=%2Fwp%2Fv2%2Fcomments&post=10794"}],"version-history":[{"count":1,"href":"https:\/\/www.elregional.cl\/index.php?rest_route=\/wp\/v2\/posts\/10794\/revisions"}],"predecessor-version":[{"id":10797,"href":"https:\/\/www.elregional.cl\/index.php?rest_route=\/wp\/v2\/posts\/10794\/revisions\/10797"}],"wp:featuredmedia":[{"embeddable":true,"href":"https:\/\/www.elregional.cl\/index.php?rest_route=\/wp\/v2\/media\/10796"}],"wp:attachment":[{"href":"https:\/\/www.elregional.cl\/index.php?rest_route=%2Fwp%2Fv2%2Fmedia&parent=10794"}],"wp:term":[{"taxonomy":"category","embeddable":true,"href":"https:\/\/www.elregional.cl\/index.php?rest_route=%2Fwp%2Fv2%2Fcategories&post=10794"},{"taxonomy":"post_tag","embeddable":true,"href":"https:\/\/www.elregional.cl\/index.php?rest_route=%2Fwp%2Fv2%2Ftags&post=10794"}],"curies":[{"name":"wp","href":"https:\/\/api.w.org\/{rel}","templated":true}]}}