{"id":10812,"date":"2025-10-27T06:38:46","date_gmt":"2025-10-27T06:38:46","guid":{"rendered":"https:\/\/www.elregional.cl\/?p=10812"},"modified":"2025-10-27T06:38:46","modified_gmt":"2025-10-27T06:38:46","slug":"libertadores-a-la-vista-conmebol-felicita-a-coquimbo-unido-por-su-historica-clasificacion","status":"publish","type":"post","link":"https:\/\/www.elregional.cl\/?p=10812","title":{"rendered":"Libertadores a la vista: Conmebol felicita a Coquimbo Unido por su hist\u00f3rica clasificaci\u00f3n"},"content":{"rendered":"<div class=\"et_pb_module et_pb_post_title et_pb_post_title_0_tb_body et_pb_bg_layout_light  et_pb_text_align_left\">\n<div class=\"et_pb_title_container\">\n<h1 class=\"entry-title\"><\/h1>\n<\/div>\n<\/div>\n<div class=\"et_pb_module et_pb_text et_pb_text_1_tb_body  et_pb_text_align_left et_pb_bg_layout_light\">\n<div class=\"et_pb_text_inner\">El cuadro pirata asegur\u00f3 su cupo en la fase grupal de la Copa Libertadores 2026 y recibi\u00f3 el saludo oficial de Conmebol.<\/div>\n<\/div>\n<div class=\"et_pb_module et_pb_image et_pb_image_0_tb_body\"><\/div>\n<div class=\"et_pb_module et_pb_post_content et_pb_post_content_0_tb_body\">\n<p>La Copa Libertadores ya tiene un nuevo invitado chileno: Coquimbo Unido. Aunque a\u00fan no levanta oficialmente el t\u00edtulo del torneo nacional, el equipo de la Cuarta Regi\u00f3n asegur\u00f3 su clasificaci\u00f3n a la fase grupal del certamen continental 2026, tras vencer a O\u2019Higgins en Rancagua y alcanzar una ventaja irremontable en la tabla. La Conmebol no tard\u00f3 en felicitar al club por redes sociales, destacando que ser\u00e1 su segunda participaci\u00f3n en el torneo m\u00e1s importante de Am\u00e9rica.<\/p>\n<p>El elenco dirigido por Esteban Gonz\u00e1lez se impuso por la cuenta m\u00ednima en El Teniente, con un gol de Mat\u00edas Palavecino, figura clave en la campa\u00f1a aurinegra. Sin embargo, el festejo por el campeonato deber\u00e1 esperar una semana m\u00e1s, ya que depend\u00edan de un empate en el Cl\u00e1sico Universitario, resultado que no se concret\u00f3 tras el triunfo de Universidad Cat\u00f3lica sobre la U.<\/p>\n<p>Pese a ello, el premio no es menor: Coquimbo Unido jugar\u00e1 la Libertadores como campe\u00f3n o subcampe\u00f3n, dependiendo del desenlace ante Uni\u00f3n La Calera en la \u00faltima fecha. La campa\u00f1a del equipo ha sido s\u00f3lida, con una racha de triunfos que lo posiciona como el gran protagonista del f\u00fatbol chileno en 2025. La clasificaci\u00f3n internacional representa un hito para el club y una oportunidad de oro para proyectarse a nivel continental.<\/p>\n<p>Desde la Conmebol, el mensaje fue claro: \u201cBienvenido Coquimbo Unido a la Copa Libertadores 2026\u201d. La noticia fue celebrada por hinchas y autoridades locales, que ya sue\u00f1an con ver al equipo compitiendo entre los grandes del continente. La Libertadores vuelve a tener sabor pirata, y Coquimbo se prepara para escribir un nuevo cap\u00edtulo en su historia.<\/p>\n<\/div>\n","protected":false},"excerpt":{"rendered":"<p>El cuadro pirata asegur\u00f3 su cupo en la fase grupal de la Copa Libertadores 2026 y recibi\u00f3 el saludo oficial de Conmebol. La Copa Libertadores ya tiene un nuevo invitado chileno: Coquimbo Unido. Aunque a\u00fan no levanta oficialmente el t\u00edtulo del torneo nacional, el equipo de la Cuarta Regi\u00f3n asegur\u00f3 su clasificaci\u00f3n a la fase &hellip;<\/p>\n","protected":false},"author":2,"featured_media":10813,"comment_status":"closed","ping_status":"closed","sticky":false,"template":"","format":"standard","meta":{"footnotes":""},"categories":[5],"tags":[],"class_list":["post-10812","post","type-post","status-publish","format-standard","has-post-thumbnail","hentry","category-deportes"],"_links":{"self":[{"href":"https:\/\/www.elregional.cl\/index.php?rest_route=\/wp\/v2\/posts\/10812","targetHints":{"allow":["GET"]}}],"collection":[{"href":"https:\/\/www.elregional.cl\/index.php?rest_route=\/wp\/v2\/posts"}],"about":[{"href":"https:\/\/www.elregional.cl\/index.php?rest_route=\/wp\/v2\/types\/post"}],"author":[{"embeddable":true,"href":"https:\/\/www.elregional.cl\/index.php?rest_route=\/wp\/v2\/users\/2"}],"replies":[{"embeddable":true,"href":"https:\/\/www.elregional.cl\/index.php?rest_route=%2Fwp%2Fv2%2Fcomments&post=10812"}],"version-history":[{"count":1,"href":"https:\/\/www.elregional.cl\/index.php?rest_route=\/wp\/v2\/posts\/10812\/revisions"}],"predecessor-version":[{"id":10814,"href":"https:\/\/www.elregional.cl\/index.php?rest_route=\/wp\/v2\/posts\/10812\/revisions\/10814"}],"wp:featuredmedia":[{"embeddable":true,"href":"https:\/\/www.elregional.cl\/index.php?rest_route=\/wp\/v2\/media\/10813"}],"wp:attachment":[{"href":"https:\/\/www.elregional.cl\/index.php?rest_route=%2Fwp%2Fv2%2Fmedia&parent=10812"}],"wp:term":[{"taxonomy":"category","embeddable":true,"href":"https:\/\/www.elregional.cl\/index.php?rest_route=%2Fwp%2Fv2%2Fcategories&post=10812"},{"taxonomy":"post_tag","embeddable":true,"href":"https:\/\/www.elregional.cl\/index.php?rest_route=%2Fwp%2Fv2%2Ftags&post=10812"}],"curies":[{"name":"wp","href":"https:\/\/api.w.org\/{rel}","templated":true}]}}