{"id":1088,"date":"2024-09-07T13:14:31","date_gmt":"2024-09-07T13:14:31","guid":{"rendered":"https:\/\/www.elregional.cl\/?p=1088"},"modified":"2024-09-07T13:14:31","modified_gmt":"2024-09-07T13:14:31","slug":"chile-quedo-penultimo-en-la-tabla-de-posiciones-de-eliminatorias-sudamericanas","status":"publish","type":"post","link":"https:\/\/www.elregional.cl\/?p=1088","title":{"rendered":"Chile qued\u00f3 \u00abpen\u00faltimo\u00bb en la tabla de posiciones de eliminatorias sudamericanas"},"content":{"rendered":"<p class=\"\">Fecha importante para los grandes de Sudam\u00e9rica como Argentina y Brasil.\u00a0<a href=\"https:\/\/colombia.as.com\/futbol\/asi-es-la-argentina-que-visitara-a-colombia-sin-messi-ni-di-maria-n\/\" target=\"_blank\" rel=\"noopener\">Los campeones del mundo y actuales ganadores de la Copa Am\u00e9rica ganaron con mucha tranquilidad a Chile<\/a>\u00a0en el Monumental y\u00a0<b>sumaron de a tres para afianzarse en el primer lugar de la tabla de posiciones de las Eliminatorias<\/b>. Los pentacampeones tambi\u00e9n lograron imponerse ante Ecuador que estrenaba DT y son cuartos.<\/p>\n<p><img loading=\"lazy\" decoding=\"async\" class=\"alignnone size-medium wp-image-1089\" src=\"https:\/\/www.elregional.cl\/wp-content\/uploads\/2024\/09\/image-1-300x225.webp\" alt=\"\" width=\"300\" height=\"225\" \/><\/p>\n<p class=\"\">Uruguay que se desped\u00eda de uno de sus m\u00e1ximos \u00eddolos, no pudo ganar en el estadio Centenario.\u00a0<a href=\"https:\/\/as.com\/futbol\/internacional\/triste-adios-de-luis-suarez-n\/\" target=\"_blank\" rel=\"noopener\">La fiesta fue linda, pero no pudo ser completa porque Paraguay se defendi\u00f3 bien\u00a0<\/a>en el debut de Gustavo Alfaro.\u00a0<b>Bolivia logr\u00f3 un triunfo muy importante ante Venezuela en El Alto.<\/b><\/p>\n<p><img loading=\"lazy\" decoding=\"async\" class=\"alignnone size-medium wp-image-1090\" src=\"https:\/\/www.elregional.cl\/wp-content\/uploads\/2024\/09\/SGP6PWIWYZ7WYVBP3K62CE7A3U-300x169.jpg\" alt=\"\" width=\"300\" height=\"169\" \/><\/p>\n<p class=\"\"><a href=\"https:\/\/colombia.as.com\/futbol\/colombia-empata-con-peru-y-sigue-invicta-en-eliminatorias-n\/\" target=\"_blank\" rel=\"noopener\">Colombia sufri\u00f3 en Lima, pero logr\u00f3 un empate muy importante con gol de Luis D\u00edaz<\/a>.\u00a0<b>El equipo nacional llega motivado para el partido con Argentina en Barranquilla.<\/b>\u00a0Ganar tres puntos ser\u00e1 fundamental para acercarse al liderato de la albiceleste. N\u00e9stor Lorenzo pondr\u00e1 a James Rodr\u00edguez desde el inicio.<\/p>\n<p><img loading=\"lazy\" decoding=\"async\" class=\"size-medium wp-image-1091\" src=\"https:\/\/www.elregional.cl\/wp-content\/uploads\/2024\/09\/Picsart_24-09-07_08-59-40-223-234x300.jpg\" alt=\"\" width=\"234\" height=\"300\" \/><\/p>\n","protected":false},"excerpt":{"rendered":"<p>Fecha importante para los grandes de Sudam\u00e9rica como Argentina y Brasil.\u00a0Los campeones del mundo y actuales ganadores de la Copa Am\u00e9rica ganaron con mucha tranquilidad a Chile\u00a0en el Monumental y\u00a0sumaron de a tres para afianzarse en el primer lugar de la tabla de posiciones de las Eliminatorias. Los pentacampeones tambi\u00e9n lograron imponerse ante Ecuador que &hellip;<\/p>\n","protected":false},"author":2,"featured_media":0,"comment_status":"closed","ping_status":"closed","sticky":false,"template":"","format":"standard","meta":{"footnotes":""},"categories":[5],"tags":[],"class_list":["post-1088","post","type-post","status-publish","format-standard","hentry","category-deportes"],"_links":{"self":[{"href":"https:\/\/www.elregional.cl\/index.php?rest_route=\/wp\/v2\/posts\/1088","targetHints":{"allow":["GET"]}}],"collection":[{"href":"https:\/\/www.elregional.cl\/index.php?rest_route=\/wp\/v2\/posts"}],"about":[{"href":"https:\/\/www.elregional.cl\/index.php?rest_route=\/wp\/v2\/types\/post"}],"author":[{"embeddable":true,"href":"https:\/\/www.elregional.cl\/index.php?rest_route=\/wp\/v2\/users\/2"}],"replies":[{"embeddable":true,"href":"https:\/\/www.elregional.cl\/index.php?rest_route=%2Fwp%2Fv2%2Fcomments&post=1088"}],"version-history":[{"count":1,"href":"https:\/\/www.elregional.cl\/index.php?rest_route=\/wp\/v2\/posts\/1088\/revisions"}],"predecessor-version":[{"id":1092,"href":"https:\/\/www.elregional.cl\/index.php?rest_route=\/wp\/v2\/posts\/1088\/revisions\/1092"}],"wp:attachment":[{"href":"https:\/\/www.elregional.cl\/index.php?rest_route=%2Fwp%2Fv2%2Fmedia&parent=1088"}],"wp:term":[{"taxonomy":"category","embeddable":true,"href":"https:\/\/www.elregional.cl\/index.php?rest_route=%2Fwp%2Fv2%2Fcategories&post=1088"},{"taxonomy":"post_tag","embeddable":true,"href":"https:\/\/www.elregional.cl\/index.php?rest_route=%2Fwp%2Fv2%2Ftags&post=1088"}],"curies":[{"name":"wp","href":"https:\/\/api.w.org\/{rel}","templated":true}]}}