{"id":10949,"date":"2025-11-04T18:16:47","date_gmt":"2025-11-04T18:16:47","guid":{"rendered":"https:\/\/www.elregional.cl\/?p=10949"},"modified":"2025-11-04T18:16:47","modified_gmt":"2025-11-04T18:16:47","slug":"pdi-interviene-domicilio-de-coquimbo-por-microtrafico-de-drogas","status":"publish","type":"post","link":"https:\/\/www.elregional.cl\/?p=10949","title":{"rendered":"PDI interviene domicilio de Coquimbo por microtr\u00e1fico de drogas"},"content":{"rendered":"<div class=\"et_pb_module et_pb_post_title et_pb_post_title_0_tb_body et_pb_bg_layout_light  et_pb_text_align_left\">\n<div class=\"et_pb_title_container\">\n<h1 class=\"entry-title\"><\/h1>\n<\/div>\n<\/div>\n<div class=\"et_pb_module et_pb_text et_pb_text_1_tb_body  et_pb_text_align_left et_pb_bg_layout_light\">\n<div class=\"et_pb_text_inner\">Detectives del Modelo Territorial Cero desarrollaron el procedimiento que dej\u00f3 una mujer detenida en la poblaci\u00f3n San Juan del puerto, donde incautaron coca\u00edna base dosificada y dinero en efectivo.<\/div>\n<\/div>\n<p>&nbsp;<\/p>\n<div class=\"et_pb_module et_pb_post_content et_pb_post_content_0_tb_body\">\n<p>Despu\u00e9s de varios meses de investigaci\u00f3n y vigilancias, los especialistas del Modelo Territorial Cero lograron establecer el comercio de sustancias il\u00edcitas en un inmueble de la poblaci\u00f3n San Juan de Coquimbo.<\/p>\n<p>\u201c<em>Los detectives especialistas de nuestra unidad re\u00fanen medios de prueba suficientes, junto al Ministerio P\u00fablico, posicionando un domicilio del sector nororiente de la comuna porte\u00f1a en foco de microtr\u00e1fico de drogas. Con la orden judicial de entrada y registro intervenimos, incautando coca\u00edna base y dinero en efectivo, entre otras evidencias del delito<\/em>\u201d, inform\u00f3 el subprefecto Jos\u00e9 Luis Ortega, jefe de la Brigada de Investigaci\u00f3n Criminal Coquimbo.<\/p>\n<p>En el procedimiento, una mujer de 42 a\u00f1os fue detenida por los detectives, con antecedentes policiales por el mismo delito. La imputada, de nacionalidad chilena, fue puesta a disposici\u00f3n de la fiscal\u00eda local y formalizada por la venta de drogas en peque\u00f1as cantidades, ante el Juzgado de Garant\u00eda de la comuna puerto.<\/p>\n<p>Madero.cl<\/p>\n<\/div>\n","protected":false},"excerpt":{"rendered":"<p>Detectives del Modelo Territorial Cero desarrollaron el procedimiento que dej\u00f3 una mujer detenida en la poblaci\u00f3n San Juan del puerto, donde incautaron coca\u00edna base dosificada y dinero en efectivo. &nbsp; Despu\u00e9s de varios meses de investigaci\u00f3n y vigilancias, los especialistas del Modelo Territorial Cero lograron establecer el comercio de sustancias il\u00edcitas en un inmueble de &hellip;<\/p>\n","protected":false},"author":2,"featured_media":10950,"comment_status":"closed","ping_status":"closed","sticky":false,"template":"","format":"standard","meta":{"footnotes":""},"categories":[2],"tags":[],"class_list":["post-10949","post","type-post","status-publish","format-standard","has-post-thumbnail","hentry","category-regionales"],"_links":{"self":[{"href":"https:\/\/www.elregional.cl\/index.php?rest_route=\/wp\/v2\/posts\/10949","targetHints":{"allow":["GET"]}}],"collection":[{"href":"https:\/\/www.elregional.cl\/index.php?rest_route=\/wp\/v2\/posts"}],"about":[{"href":"https:\/\/www.elregional.cl\/index.php?rest_route=\/wp\/v2\/types\/post"}],"author":[{"embeddable":true,"href":"https:\/\/www.elregional.cl\/index.php?rest_route=\/wp\/v2\/users\/2"}],"replies":[{"embeddable":true,"href":"https:\/\/www.elregional.cl\/index.php?rest_route=%2Fwp%2Fv2%2Fcomments&post=10949"}],"version-history":[{"count":1,"href":"https:\/\/www.elregional.cl\/index.php?rest_route=\/wp\/v2\/posts\/10949\/revisions"}],"predecessor-version":[{"id":10951,"href":"https:\/\/www.elregional.cl\/index.php?rest_route=\/wp\/v2\/posts\/10949\/revisions\/10951"}],"wp:featuredmedia":[{"embeddable":true,"href":"https:\/\/www.elregional.cl\/index.php?rest_route=\/wp\/v2\/media\/10950"}],"wp:attachment":[{"href":"https:\/\/www.elregional.cl\/index.php?rest_route=%2Fwp%2Fv2%2Fmedia&parent=10949"}],"wp:term":[{"taxonomy":"category","embeddable":true,"href":"https:\/\/www.elregional.cl\/index.php?rest_route=%2Fwp%2Fv2%2Fcategories&post=10949"},{"taxonomy":"post_tag","embeddable":true,"href":"https:\/\/www.elregional.cl\/index.php?rest_route=%2Fwp%2Fv2%2Ftags&post=10949"}],"curies":[{"name":"wp","href":"https:\/\/api.w.org\/{rel}","templated":true}]}}