{"id":10959,"date":"2025-11-05T17:48:01","date_gmt":"2025-11-05T17:48:01","guid":{"rendered":"https:\/\/www.elregional.cl\/?p=10959"},"modified":"2025-11-05T17:48:01","modified_gmt":"2025-11-05T17:48:01","slug":"inauguran-el-tren-mas-rapido-de-america-latina-recorre-mas-de-500-km-en-dos-horas-y-puede-llegar-a-casi-cualquier-destino","status":"publish","type":"post","link":"https:\/\/www.elregional.cl\/?p=10959","title":{"rendered":"Inauguran el tren m\u00e1s r\u00e1pido de Am\u00e9rica Latina: recorre m\u00e1s de 500 km en dos horas y puede llegar a casi cualquier destino"},"content":{"rendered":"<header class=\"right-rail__header\">\n<div class=\"masthead mexico article masthead__is-scrolled\">\n<div class=\"masthead__wrapper\">\n<header class=\"masthead__main article\">\n<div class=\"masthead__main-center-section\"><\/div>\n<\/header>\n<\/div>\n<\/div>\n<\/header>\n<section class=\"right-rail__main\"><main class=\"right-rail__body\"><\/p>\n<section class=\"article-body__byline\">\n<div class=\"article-body__byline__author-info\"><\/div>\n<\/section>\n<div class=\"article-body\">\n<p class=\"article-body__paragraph\">Los sistemas de transporte son esenciales para el crecimiento urbano, y los\u00a0<b>trenes desempe\u00f1an un papel clave en la interconexi\u00f3n de las ciudades<\/b>. En ese sentido,\u00a0<b class=\"migrated-content__b\">Brasil<\/b>\u00a0ha anunciado un<b class=\"migrated-content__b\">\u00a0proyecto ferroviario colosal\u00a0<\/b>que promete transformar radicalmente el traslado de pasajeros.<\/p>\n<div class=\"adzone-ad adzone-ad--intext adzone-ad--intext--mexico\">\n<div><\/div>\n<\/div>\n<p class=\"article-body__paragraph\">Recientemente, Brasil revel\u00f3 sus planes para\u00a0<b>construir el tren m\u00e1s veloz de Am\u00e9rica Latina<\/b>, capaz de\u00a0<b class=\"migrated-content__b\">alcanzar los 350 kil\u00f3metros por hora<\/b>. Este servicio unir\u00e1 dos de los centros econ\u00f3micos y productivos m\u00e1s importantes del pa\u00eds.<\/p>\n<div class=\"article-script\">\n<div id=\"1f5e2829-72c6-4fea-a400-74b19445b7e8\" class=\"pbs\" data-pbs-root=\"true\" data-pbs-position=\"static\"><\/div>\n<\/div>\n<h2 id=\"as\u00ed-ser\u00e1-el-tren-de-alta-velocidad,-m\u00e1s-r\u00e1pido-del-continente\" class=\"article-body__heading-h2\">As\u00ed ser\u00e1 el tren de alta velocidad, m\u00e1s r\u00e1pido del continente<\/h2>\n<p class=\"article-body__paragraph\">Esta iniciativa de ingenier\u00eda ferroviaria es la\u00a0<b>primera de su magnitud en Sudam\u00e9rica<\/b>. El plan contempla que el\u00a0<a class=\"\" href=\"https:\/\/www.cronista.com\/mexico\/actualidad-mx\/avanza-el-plan-ferroviario-del-gobierno-habra-mas-de-3-mil-kilometros-de-vias-y-trenes-de-alta-velocidad\/\" target=\"_blank\" rel=\"noopener\">tren de alta velocidad<\/a>\u00a0(TAV, por sus siglas en portugu\u00e9s)\u00a0<u class=\"migrated-content__u\">enlace las ciudades de R\u00edo de Janeiro, S\u00e3o Paulo y Campinas<\/u>.<\/p>\n<p class=\"article-body__paragraph\">Se estima que\u00a0<b>la alta velocidad del tren permitir\u00e1 completar el tramo en solo dos horas<\/b>, lo que agilizar\u00e1 significativamente la movilidad de los viajeros y\u00a0<u class=\"migrated-content__u\">ayudar\u00e1 a reducir la congesti\u00f3n vehicular<\/u>\u00a0en las zonas metropolitanas. Se proyecta que el viaje directo entre\u00a0<a class=\"migrated-content__link-redirect \" href=\"https:\/\/www.cronista.com\/colombia\/actualidad-co\/una-nueva-potencia-mundial-cobra-fuerza-el-pais-de-america-latina-que-renueva-su-ejercito-y-despliega-una-flota-naval-capaz-de-desafiar-a-las-naciones-mas-influyentes-8116\/\" target=\"_blank\" rel=\"noopener\">R\u00edo de Janeiro y S\u00e3o Paulo<\/a>\u00a0se realice en\u00a0<b class=\"migrated-content__b\">apenas 1 hora y 45 minutos<\/b>.<\/p>\n<\/div>\n<p><\/main><\/section>\n","protected":false},"excerpt":{"rendered":"<p>Los sistemas de transporte son esenciales para el crecimiento urbano, y los\u00a0trenes desempe\u00f1an un papel clave en la interconexi\u00f3n de las ciudades. En ese sentido,\u00a0Brasil\u00a0ha anunciado un\u00a0proyecto ferroviario colosal\u00a0que promete transformar radicalmente el traslado de pasajeros. Recientemente, Brasil revel\u00f3 sus planes para\u00a0construir el tren m\u00e1s veloz de Am\u00e9rica Latina, capaz de\u00a0alcanzar los 350 kil\u00f3metros por &hellip;<\/p>\n","protected":false},"author":2,"featured_media":10960,"comment_status":"closed","ping_status":"closed","sticky":false,"template":"","format":"standard","meta":{"footnotes":""},"categories":[4],"tags":[],"class_list":["post-10959","post","type-post","status-publish","format-standard","has-post-thumbnail","hentry","category-mundo"],"_links":{"self":[{"href":"https:\/\/www.elregional.cl\/index.php?rest_route=\/wp\/v2\/posts\/10959","targetHints":{"allow":["GET"]}}],"collection":[{"href":"https:\/\/www.elregional.cl\/index.php?rest_route=\/wp\/v2\/posts"}],"about":[{"href":"https:\/\/www.elregional.cl\/index.php?rest_route=\/wp\/v2\/types\/post"}],"author":[{"embeddable":true,"href":"https:\/\/www.elregional.cl\/index.php?rest_route=\/wp\/v2\/users\/2"}],"replies":[{"embeddable":true,"href":"https:\/\/www.elregional.cl\/index.php?rest_route=%2Fwp%2Fv2%2Fcomments&post=10959"}],"version-history":[{"count":1,"href":"https:\/\/www.elregional.cl\/index.php?rest_route=\/wp\/v2\/posts\/10959\/revisions"}],"predecessor-version":[{"id":10961,"href":"https:\/\/www.elregional.cl\/index.php?rest_route=\/wp\/v2\/posts\/10959\/revisions\/10961"}],"wp:featuredmedia":[{"embeddable":true,"href":"https:\/\/www.elregional.cl\/index.php?rest_route=\/wp\/v2\/media\/10960"}],"wp:attachment":[{"href":"https:\/\/www.elregional.cl\/index.php?rest_route=%2Fwp%2Fv2%2Fmedia&parent=10959"}],"wp:term":[{"taxonomy":"category","embeddable":true,"href":"https:\/\/www.elregional.cl\/index.php?rest_route=%2Fwp%2Fv2%2Fcategories&post=10959"},{"taxonomy":"post_tag","embeddable":true,"href":"https:\/\/www.elregional.cl\/index.php?rest_route=%2Fwp%2Fv2%2Ftags&post=10959"}],"curies":[{"name":"wp","href":"https:\/\/api.w.org\/{rel}","templated":true}]}}