{"id":10990,"date":"2025-11-07T05:21:30","date_gmt":"2025-11-07T05:21:30","guid":{"rendered":"https:\/\/www.elregional.cl\/?p=10990"},"modified":"2025-11-07T05:21:30","modified_gmt":"2025-11-07T05:21:30","slug":"este-fin-de-semana-combarbala-invita-a-vivir-el-sunset-bajo-las-estrellas","status":"publish","type":"post","link":"https:\/\/www.elregional.cl\/?p=10990","title":{"rendered":"Este fin de semana Combarbal\u00e1 invita a vivir el \u201cSunset Bajo las Estrellas\u201d"},"content":{"rendered":"<div class=\"td-post-header\">\n<header class=\"td-post-title\">\n<h1 class=\"entry-title\"><\/h1>\n<\/header>\n<\/div>\n<div class=\"td-post-content\">\n<div class=\"td-post-sharing-top\">\n<div id=\"td_social_sharing_article_top\" class=\"td-post-sharing td-ps-bg td-ps-notext td-post-sharing-style1 \">\n<div class=\"td-post-sharing-visible\">\n<div class=\"td-social-but-icon\"><\/div>\n<\/div>\n<\/div>\n<\/div>\n<div class=\"td-a-rec td-a-rec-id-content_inline_mob \"><\/div>\n<p><em>La actividad busca poner en valor a Combarbal\u00e1 como un verdadero Tesoro Bajo las Estrellas y destacar su potencial como destino tur\u00edstico sustentable y con identidad local.<\/em><\/p>\n<p><span id=\"more-200978\"><\/span>En el marco de las acciones para potenciar el turismo y las experiencias locales en la Regi\u00f3n de Coquimbo, la Municipalidad de Combarbal\u00e1 junto a la Corporaci\u00f3n Regional de Desarrollo Productivo (<a title=\"\" href=\"https:\/\/www.crdp.cl\/\" target=\"_blank\" rel=\"noopener\">CRDP<\/a>) invitan a participar en el evento \u201cSunset Bajo las Estrellas\u201d, una jornada que reunir\u00e1 cultura, gastronom\u00eda, bienestar y astronom\u00eda en uno de los destinos m\u00e1s singulares del norte chileno como lo es \u00a0Combarbal\u00e1, Tesoro Bajo las Estrellas.<\/p>\n<p>La actividad se desarrollar\u00e1 el s\u00e1bado 8 de noviembre desde las 18:00 horas en el Observatorio Cruz del Sur, espacio emblem\u00e1tico de la comuna. Este encuentro busca poner en valor el potencial tur\u00edstico de Combarbal\u00e1 a trav\u00e9s del astroturismo, el turismo de bienestar, la gastronom\u00eda local y las manifestaciones culturales propias del territorio.<\/p>\n<p>Durante la jornada, los asistentes podr\u00e1n disfrutar de una feria de emprendedores locales, observaci\u00f3n solar y astron\u00f3mica, m\u00fasica en vivo, sonoterapia, gastronom\u00eda y una charla sobre astronom\u00eda y arqueolog\u00eda. Entre los destacados del programa figuran presentaciones de DesiertoArte, Tangol\u00e1 y Sonidos \u00d1aupa, adem\u00e1s de una muestra culinaria a cargo del chef Sebasti\u00e1n Campos, quien pondr\u00e1 en valor los productos y sabores del Limar\u00ed.<\/p>\n<h2 class=\"wp-block-heading\">Declaraciones autoridades<\/h2>\n<p>La Alcaldesa de Combarbal\u00e1, Marta Carvajal, indic\u00f3 que \u201cqueremos invitar a toda la comunidad y a quienes nos visitan, para que disfruten de nuestra cultura y de nuestro cielo privilegiado. Este evento pone en valor el trabajo de nuestros emprendedores, la riqueza de nuestra gastronom\u00eda y el enorme potencial tur\u00edstico que tenemos como\u00a0<em>Tesoro Bajo las Estrellas<\/em>. Con estas acciones, entre muchas otras, queremos que Combarbal\u00e1 sea un destino de bienestar, conocimiento y belleza natural que queremos compartir con toda la regi\u00f3n\u201d.<\/p>\n<\/div>\n","protected":false},"excerpt":{"rendered":"<p>La actividad busca poner en valor a Combarbal\u00e1 como un verdadero Tesoro Bajo las Estrellas y destacar su potencial como destino tur\u00edstico sustentable y con identidad local. En el marco de las acciones para potenciar el turismo y las experiencias locales en la Regi\u00f3n de Coquimbo, la Municipalidad de Combarbal\u00e1 junto a la Corporaci\u00f3n Regional &hellip;<\/p>\n","protected":false},"author":2,"featured_media":10991,"comment_status":"closed","ping_status":"closed","sticky":false,"template":"","format":"standard","meta":{"footnotes":""},"categories":[2],"tags":[],"class_list":["post-10990","post","type-post","status-publish","format-standard","has-post-thumbnail","hentry","category-regionales"],"_links":{"self":[{"href":"https:\/\/www.elregional.cl\/index.php?rest_route=\/wp\/v2\/posts\/10990","targetHints":{"allow":["GET"]}}],"collection":[{"href":"https:\/\/www.elregional.cl\/index.php?rest_route=\/wp\/v2\/posts"}],"about":[{"href":"https:\/\/www.elregional.cl\/index.php?rest_route=\/wp\/v2\/types\/post"}],"author":[{"embeddable":true,"href":"https:\/\/www.elregional.cl\/index.php?rest_route=\/wp\/v2\/users\/2"}],"replies":[{"embeddable":true,"href":"https:\/\/www.elregional.cl\/index.php?rest_route=%2Fwp%2Fv2%2Fcomments&post=10990"}],"version-history":[{"count":1,"href":"https:\/\/www.elregional.cl\/index.php?rest_route=\/wp\/v2\/posts\/10990\/revisions"}],"predecessor-version":[{"id":10992,"href":"https:\/\/www.elregional.cl\/index.php?rest_route=\/wp\/v2\/posts\/10990\/revisions\/10992"}],"wp:featuredmedia":[{"embeddable":true,"href":"https:\/\/www.elregional.cl\/index.php?rest_route=\/wp\/v2\/media\/10991"}],"wp:attachment":[{"href":"https:\/\/www.elregional.cl\/index.php?rest_route=%2Fwp%2Fv2%2Fmedia&parent=10990"}],"wp:term":[{"taxonomy":"category","embeddable":true,"href":"https:\/\/www.elregional.cl\/index.php?rest_route=%2Fwp%2Fv2%2Fcategories&post=10990"},{"taxonomy":"post_tag","embeddable":true,"href":"https:\/\/www.elregional.cl\/index.php?rest_route=%2Fwp%2Fv2%2Ftags&post=10990"}],"curies":[{"name":"wp","href":"https:\/\/api.w.org\/{rel}","templated":true}]}}