{"id":11027,"date":"2025-11-07T23:47:03","date_gmt":"2025-11-07T23:47:03","guid":{"rendered":"https:\/\/www.elregional.cl\/?p=11027"},"modified":"2025-11-07T23:47:03","modified_gmt":"2025-11-07T23:47:03","slug":"osamentas-halladas-en-san-vicente-abren-hipotesis-de-tercera-victima-y-posible-casa-de-torturas","status":"publish","type":"post","link":"https:\/\/www.elregional.cl\/?p=11027","title":{"rendered":"Osamentas halladas en San Vicente abren hip\u00f3tesis de tercera v\u00edctima y posible casa de torturas"},"content":{"rendered":"<header class=\"main-article__header | all:margin-block-end-24\">\n<h1 class=\"main-article__title\"><\/h1>\n<figure class=\"main-article-info__author main-author-card\"><a class=\"main-author-card__media\" href=\"https:\/\/www.radioagricultura.cl\/autor\/constanza-fuentes\/\" data-has-event-static=\"1\"><img loading=\"lazy\" decoding=\"async\" class=\"main-author-card__image | u-aspect-ratio\" src=\"https:\/\/assets.radioagricultura.cl\/avatar-default.png\" alt=\"Constanza Fuentes\" width=\"55\" height=\"55\" \/><\/a><\/figure>\n<div class=\"main-article__socials main-article-socials | all:margin-block-start-4\"><\/div>\n<\/header>\n<div class=\"main-article__body main-layout\">\n<section class=\"main-article__content main-layout__item\">\n<div class=\"main-article__media main-article-media | u-mobile-negative-margin\">\n<footer class=\"main-article-media__footer | all:margin-block-start-12\"><\/footer>\n<\/div>\n<div class=\"main-article__text main-article-text | js-content-post | all:margin-block-start-20 all:margin-block-end-24\">\n<p data-start=\"181\" data-end=\"461\"><span data-start=\"195\" data-end=\"234\">N<\/span><strong data-start=\"195\" data-end=\"234\">uevas osamentas fueron encontradas<\/strong>\u00a0en un predio de\u00a0<strong data-start=\"251\" data-end=\"281\">San Vicente de Tagua Tagua<\/strong>, en la regi\u00f3n de O\u2019Higgins, mismo lugar donde el jueves se hallaron\u00a0<strong data-start=\"350\" data-end=\"365\">dos cuerpos<\/strong>: uno\u00a0<strong data-start=\"371\" data-end=\"396\">calcinado y maniatado<\/strong>, y otro\u00a0<strong data-start=\"405\" data-end=\"422\">descuartizado<\/strong>\u00a0y enterrado en las faldas de un cerro.<\/p>\n<p data-start=\"463\" data-end=\"729\">El\u00a0<strong data-start=\"466\" data-end=\"498\">fiscal regional de O\u2019Higgins<\/strong>, Aquiles Cubillos, se\u00f1al\u00f3 que a\u00fan no se confirma si los restos \u00f3seos encontrados hoy \u201c<strong data-start=\"585\" data-end=\"662\">corresponden al cuerpo encontrado ayer descuartizado o a un tercer cuerpo<\/strong>\u201d. Los an\u00e1lisis forenses ser\u00e1n clave para aclarar esa interrogante.<\/p>\n<h3 data-start=\"731\" data-end=\"780\">Posible \u201ccasa de torturas\u201d bajo investigaci\u00f3n<\/h3>\n<p data-start=\"782\" data-end=\"1030\">Cubillos tambi\u00e9n confirm\u00f3 que dentro de la investigaci\u00f3n se maneja la\u00a0<strong data-start=\"852\" data-end=\"889\">hip\u00f3tesis de una casa de torturas<\/strong>\u00a0en el sector. Esta l\u00ednea surgi\u00f3 tras el ingreso a otros domicilios vinculados a una investigaci\u00f3n por\u00a0<strong data-start=\"992\" data-end=\"1029\">microtr\u00e1fico y presunta desgracia<\/strong>.<\/p>\n<p data-start=\"1032\" data-end=\"1321\">\u201cNo descartamos que puedan encontrarse m\u00e1s cuerpos. Por eso sumamos un\u00a0<strong data-start=\"1146\" data-end=\"1159\">georradar<\/strong>\u00a0y solicitamos refuerzos para rastrear completamente la zona\u201d, detall\u00f3 el fiscal, a\u00f1adiendo que el terreno presenta complicaciones por\u00a0<strong data-start=\"1294\" data-end=\"1320\">quebradas y desniveles<\/strong>.<\/p>\n<h3 data-start=\"1323\" data-end=\"1362\">Operativo suma recursos y detenidos<\/h3>\n<p data-start=\"1364\" data-end=\"1618\">El operativo comenz\u00f3 el jueves, liderado por el\u00a0<strong data-start=\"1412\" data-end=\"1434\">OS9 de Carabineros<\/strong>\u00a0y la\u00a0<strong data-start=\"1440\" data-end=\"1473\">Fiscal\u00eda Local de San Vicente<\/strong>. De momento, hay\u00a0<strong data-start=\"1491\" data-end=\"1519\">nueve personas detenidas<\/strong>, dos de ellas chilenas y siete extranjeras. Las autoridades investigan su relaci\u00f3n con los hechos.<\/p>\n<div class=\"js_te_puede_interesar\" data-posts=\"[{&quot;id_post&quot;:643589,&quot;post_title&quot;:&quot;Paso bajo nivel inundado en \\u00d1u\\u00f1oa: tr\\u00e1nsito sigue suspendido en Calle Alcalde Eduardo Castillo Velasco&quot;,&quot;extracto&quot;:&quot;&quot;,&quot;post_link&quot;:&quot;noticias\\\/nacional\\\/paso-bajo-nivel-inundado-en-nunoa-transito-sigue-suspendido-en-calle-alcalde-eduardo-castillo-velasco_20251107\\\/&quot;,&quot;autor&quot;:&quot;Constanza Fuentes&quot;,&quot;imagen_post&quot;:&quot;\\\/2025\\\/11\\\/A_UNO_1698196-1-scaled.jpg&quot;,&quot;format_video&quot;:false},{&quot;id_post&quot;:643585,&quot;post_title&quot;:&quot;Detienen a joven en Chill\\u00e1n acusado de matar a su abuela tras lanzarle agua hirviendo&quot;,&quot;extracto&quot;:&quot;&quot;,&quot;post_link&quot;:&quot;noticias\\\/nacional\\\/detienen-a-joven-en-chillan-acusado-de-matar-a-su-abuela-tras-lanzarle-agua-hirviendo_20251107\\\/&quot;,&quot;autor&quot;:&quot;Constanza Fuentes&quot;,&quot;imagen_post&quot;:&quot;\\\/2025\\\/07\\\/Generica-detenido-01-1.jpg&quot;,&quot;format_video&quot;:false},{&quot;id_post&quot;:643573,&quot;post_title&quot;:&quot;Accidente de motorista genera restricci\\u00f3n y tr\\u00e1nsito lento en Vespucio Sur, sector La Cisterna&quot;,&quot;extracto&quot;:&quot;&quot;,&quot;post_link&quot;:&quot;noticias\\\/nacional\\\/accidente-de-motorista-genera-restriccion-y-transito-lento-en-vespucio-sur-sector-la-cisterna_20251107\\\/&quot;,&quot;autor&quot;:&quot;Constanza Fuentes&quot;,&quot;imagen_post&quot;:&quot;\\\/2022\\\/04\\\/Diseno-sin-titulo-32.png&quot;,&quot;format_video&quot;:false},{&quot;id_post&quot;:643563,&quot;post_title&quot;:&quot;Seremi de Salud RM clausura supermercado chino por alimentos sin rotulaci\\u00f3n: patos, tortugas y mariscos&quot;,&quot;extracto&quot;:&quot;&quot;,&quot;post_link&quot;:&quot;noticias\\\/nacional\\\/seremi-de-salud-rm-clausura-supermercado-chino-por-alimentos-sin-rotulacion-patos-tortugas-y-mariscos_20251107\\\/&quot;,&quot;autor&quot;:&quot;Constanza Fuentes&quot;,&quot;imagen_post&quot;:&quot;\\\/2025\\\/11\\\/A_UNO_1698285-1-scaled.jpg&quot;,&quot;format_video&quot;:false},{&quot;id_post&quot;:643517,&quot;post_title&quot;:&quot;Atenci\\u00f3n votantes: esta es la fecha de la posible segunda vuelta presidencial&quot;,&quot;extracto&quot;:&quot;&quot;,&quot;post_link&quot;:&quot;noticias\\\/nacional\\\/atencion-votantes-esta-es-la-fecha-de-la-posible-segunda-vuelta-presidencial_20251107\\\/&quot;,&quot;autor&quot;:&quot;Thiara Julio&quot;,&quot;imagen_post&quot;:&quot;\\\/2025\\\/11\\\/A_UNO_1667998.jpg&quot;,&quot;format_video&quot;:false}]\"><\/div>\n<\/div>\n<div class=\"main-article__tags main-article-tags | u-text-uppercase | all:margin-block-end-16\"><\/div>\n<\/section>\n<\/div>\n","protected":false},"excerpt":{"rendered":"<p>Nuevas osamentas fueron encontradas\u00a0en un predio de\u00a0San Vicente de Tagua Tagua, en la regi\u00f3n de O\u2019Higgins, mismo lugar donde el jueves se hallaron\u00a0dos cuerpos: uno\u00a0calcinado y maniatado, y otro\u00a0descuartizado\u00a0y enterrado en las faldas de un cerro. El\u00a0fiscal regional de O\u2019Higgins, Aquiles Cubillos, se\u00f1al\u00f3 que a\u00fan no se confirma si los restos \u00f3seos encontrados hoy \u201ccorresponden &hellip;<\/p>\n","protected":false},"author":2,"featured_media":11028,"comment_status":"closed","ping_status":"closed","sticky":false,"template":"","format":"standard","meta":{"footnotes":""},"categories":[3],"tags":[],"class_list":["post-11027","post","type-post","status-publish","format-standard","has-post-thumbnail","hentry","category-pais"],"_links":{"self":[{"href":"https:\/\/www.elregional.cl\/index.php?rest_route=\/wp\/v2\/posts\/11027","targetHints":{"allow":["GET"]}}],"collection":[{"href":"https:\/\/www.elregional.cl\/index.php?rest_route=\/wp\/v2\/posts"}],"about":[{"href":"https:\/\/www.elregional.cl\/index.php?rest_route=\/wp\/v2\/types\/post"}],"author":[{"embeddable":true,"href":"https:\/\/www.elregional.cl\/index.php?rest_route=\/wp\/v2\/users\/2"}],"replies":[{"embeddable":true,"href":"https:\/\/www.elregional.cl\/index.php?rest_route=%2Fwp%2Fv2%2Fcomments&post=11027"}],"version-history":[{"count":1,"href":"https:\/\/www.elregional.cl\/index.php?rest_route=\/wp\/v2\/posts\/11027\/revisions"}],"predecessor-version":[{"id":11029,"href":"https:\/\/www.elregional.cl\/index.php?rest_route=\/wp\/v2\/posts\/11027\/revisions\/11029"}],"wp:featuredmedia":[{"embeddable":true,"href":"https:\/\/www.elregional.cl\/index.php?rest_route=\/wp\/v2\/media\/11028"}],"wp:attachment":[{"href":"https:\/\/www.elregional.cl\/index.php?rest_route=%2Fwp%2Fv2%2Fmedia&parent=11027"}],"wp:term":[{"taxonomy":"category","embeddable":true,"href":"https:\/\/www.elregional.cl\/index.php?rest_route=%2Fwp%2Fv2%2Fcategories&post=11027"},{"taxonomy":"post_tag","embeddable":true,"href":"https:\/\/www.elregional.cl\/index.php?rest_route=%2Fwp%2Fv2%2Ftags&post=11027"}],"curies":[{"name":"wp","href":"https:\/\/api.w.org\/{rel}","templated":true}]}}