{"id":1116,"date":"2024-09-10T13:44:17","date_gmt":"2024-09-10T13:44:17","guid":{"rendered":"https:\/\/www.elregional.cl\/?p=1116"},"modified":"2024-09-10T13:44:17","modified_gmt":"2024-09-10T13:44:17","slug":"rina-en-colegio-de-coquimbo-termina-con-denuncias-danos-lesionados-y-detenidos","status":"publish","type":"post","link":"https:\/\/www.elregional.cl\/?p=1116","title":{"rendered":"Ri\u00f1a en colegio de Coquimbo termina con denuncias, da\u00f1os, lesionados y detenidos."},"content":{"rendered":"<p>En un procedimiento a\u00fan en desarrollo, Carabineros informa hoy de una ri\u00f1a en la v\u00eda p\u00fablica, protagonizada por alumnos de un colegio, el cual ser\u00eda correspondiente a la Escuela Coquimbo.<\/p>\n<p>En la ri\u00f1a se vieron involucrados tambi\u00e9n apoderados y docentes, que habr\u00edan intentado separar a los adolescentes, en su mayor\u00eda de 8\u201d b\u00e1sico.<\/p>\n<p>Este hecho, culmin\u00f3 con 7 lesionados, quienes fueron trasladados a un centro asistencial, resultando 5 de ellos con lesiones leves y a\u00fan pendiente el estado de los 2 restantes.<\/p>\n<p>&nbsp;<\/p>\n","protected":false},"excerpt":{"rendered":"<p>En un procedimiento a\u00fan en desarrollo, Carabineros informa hoy de una ri\u00f1a en la v\u00eda p\u00fablica, protagonizada por alumnos de un colegio, el cual ser\u00eda correspondiente a la Escuela Coquimbo. En la ri\u00f1a se vieron involucrados tambi\u00e9n apoderados y docentes, que habr\u00edan intentado separar a los adolescentes, en su mayor\u00eda de 8\u201d b\u00e1sico. Este hecho, &hellip;<\/p>\n","protected":false},"author":2,"featured_media":0,"comment_status":"closed","ping_status":"closed","sticky":false,"template":"","format":"standard","meta":{"footnotes":""},"categories":[13],"tags":[],"class_list":["post-1116","post","type-post","status-publish","format-standard","hentry","category-coquimbo"],"_links":{"self":[{"href":"https:\/\/www.elregional.cl\/index.php?rest_route=\/wp\/v2\/posts\/1116","targetHints":{"allow":["GET"]}}],"collection":[{"href":"https:\/\/www.elregional.cl\/index.php?rest_route=\/wp\/v2\/posts"}],"about":[{"href":"https:\/\/www.elregional.cl\/index.php?rest_route=\/wp\/v2\/types\/post"}],"author":[{"embeddable":true,"href":"https:\/\/www.elregional.cl\/index.php?rest_route=\/wp\/v2\/users\/2"}],"replies":[{"embeddable":true,"href":"https:\/\/www.elregional.cl\/index.php?rest_route=%2Fwp%2Fv2%2Fcomments&post=1116"}],"version-history":[{"count":1,"href":"https:\/\/www.elregional.cl\/index.php?rest_route=\/wp\/v2\/posts\/1116\/revisions"}],"predecessor-version":[{"id":1118,"href":"https:\/\/www.elregional.cl\/index.php?rest_route=\/wp\/v2\/posts\/1116\/revisions\/1118"}],"wp:attachment":[{"href":"https:\/\/www.elregional.cl\/index.php?rest_route=%2Fwp%2Fv2%2Fmedia&parent=1116"}],"wp:term":[{"taxonomy":"category","embeddable":true,"href":"https:\/\/www.elregional.cl\/index.php?rest_route=%2Fwp%2Fv2%2Fcategories&post=1116"},{"taxonomy":"post_tag","embeddable":true,"href":"https:\/\/www.elregional.cl\/index.php?rest_route=%2Fwp%2Fv2%2Ftags&post=1116"}],"curies":[{"name":"wp","href":"https:\/\/api.w.org\/{rel}","templated":true}]}}