{"id":1120,"date":"2024-09-11T12:32:13","date_gmt":"2024-09-11T12:32:13","guid":{"rendered":"https:\/\/www.elregional.cl\/?p=1120"},"modified":"2024-09-11T12:32:13","modified_gmt":"2024-09-11T12:32:13","slug":"capitania-de-puerto-de-los-vilos-organiza-jornada-de-limpieza-de-playas","status":"publish","type":"post","link":"https:\/\/www.elregional.cl\/?p=1120","title":{"rendered":"Capitan\u00eda de Puerto de Los Vilos organiza jornada de limpieza de playas."},"content":{"rendered":"<article id=\"post-47509\" class=\"post-47509 post type-post status-publish format-standard hentry category-choapa\">\n<div class=\"td-post-header\">\n<p>&nbsp;<\/p>\n<header class=\"td-post-title\">\n<div class=\"td-module-meta-info\"><\/div>\n<\/header>\n<\/div>\n<div class=\"td-post-content\">\n<div class=\"td-post-sharing td-post-sharing-top\">\n<div class=\"td-default-sharing\"><i class=\"td-icon-facebook\"><\/i>\u00a0<i class=\"td-icon-twitter\"><\/i>\u00a0<i class=\"td-icon-googleplus\"><\/i>\u00a0<i class=\"td-icon-pinterest\"><\/i> <em><strong>La Capitan\u00eda de Puerto de Los Vilos, en conjunto con diversos organismos p\u00fablicos, ha programado una jornada de limpieza de playas para los d\u00edas 26 y 27 de septiembre de 2024. Esta actividad se enmarca dentro de la conmemoraci\u00f3n del D\u00eda Internacional de Limpieza de Playas, evento que ser\u00e1 coordinado a nivel nacional por la Direcci\u00f3n General del Territorio Mar\u00edtimo y Marina Mercante.<\/strong><\/em><\/div>\n<\/div>\n<p>La actividad se desarrollar\u00e1 en dos sectores costeros de la comuna de Los Vilos:<\/p>\n<ul>\n<li><strong>26 de septiembre a las 10:00 hrs:<\/strong>\u00a0en el sector de Los Vilos, con punto de encuentro en la Escafandra.<\/li>\n<li><strong>27 de septiembre a las 10:00 hrs:<\/strong>\u00a0en la playa principal de Pichidangui.<\/li>\n<\/ul>\n<p>La autoridad mar\u00edtima local, encabezada por el Capit\u00e1n de Puerto, Juan Pablo Gonz\u00e1lez<strong>,\u00a0<\/strong>\u00a0hace un llamado a los pescadores y a la comunidad a participar activamente en esta importante iniciativa, cuyo objetivo principal es contribuir al cuidado y protecci\u00f3n del medio ambiente.<\/p>\n<p>Se solicita a los interesados confirmar su asistencia antes del 13 de septiembre de 2024, a trav\u00e9s del correo electr\u00f3nico:\u00a0<strong><a rel=\"noopener\">opfartesclovilos@directemar.cl<\/a><\/strong>\u00a0o al tel\u00e9fono\u00a0<strong>+569 82481939<\/strong>. El contacto a cargo de la actividad es el Cabo Primero Sebasti\u00e1n Silva Donoso.<\/p>\n<p>Esta actividad es una oportunidad clave para reforzar la conciencia sobre la importancia del cuidado de nuestras playas y ecosistemas costeros.<\/p>\n<p>DavidNoticias.cl<\/p>\n<\/div>\n<\/article>\n","protected":false},"excerpt":{"rendered":"<p>&nbsp; \u00a0\u00a0\u00a0 La Capitan\u00eda de Puerto de Los Vilos, en conjunto con diversos organismos p\u00fablicos, ha programado una jornada de limpieza de playas para los d\u00edas 26 y 27 de septiembre de 2024. Esta actividad se enmarca dentro de la conmemoraci\u00f3n del D\u00eda Internacional de Limpieza de Playas, evento que ser\u00e1 coordinado a nivel nacional &hellip;<\/p>\n","protected":false},"author":2,"featured_media":0,"comment_status":"closed","ping_status":"closed","sticky":false,"template":"","format":"standard","meta":{"footnotes":""},"categories":[2],"tags":[],"class_list":["post-1120","post","type-post","status-publish","format-standard","hentry","category-regionales"],"_links":{"self":[{"href":"https:\/\/www.elregional.cl\/index.php?rest_route=\/wp\/v2\/posts\/1120","targetHints":{"allow":["GET"]}}],"collection":[{"href":"https:\/\/www.elregional.cl\/index.php?rest_route=\/wp\/v2\/posts"}],"about":[{"href":"https:\/\/www.elregional.cl\/index.php?rest_route=\/wp\/v2\/types\/post"}],"author":[{"embeddable":true,"href":"https:\/\/www.elregional.cl\/index.php?rest_route=\/wp\/v2\/users\/2"}],"replies":[{"embeddable":true,"href":"https:\/\/www.elregional.cl\/index.php?rest_route=%2Fwp%2Fv2%2Fcomments&post=1120"}],"version-history":[{"count":1,"href":"https:\/\/www.elregional.cl\/index.php?rest_route=\/wp\/v2\/posts\/1120\/revisions"}],"predecessor-version":[{"id":1122,"href":"https:\/\/www.elregional.cl\/index.php?rest_route=\/wp\/v2\/posts\/1120\/revisions\/1122"}],"wp:attachment":[{"href":"https:\/\/www.elregional.cl\/index.php?rest_route=%2Fwp%2Fv2%2Fmedia&parent=1120"}],"wp:term":[{"taxonomy":"category","embeddable":true,"href":"https:\/\/www.elregional.cl\/index.php?rest_route=%2Fwp%2Fv2%2Fcategories&post=1120"},{"taxonomy":"post_tag","embeddable":true,"href":"https:\/\/www.elregional.cl\/index.php?rest_route=%2Fwp%2Fv2%2Ftags&post=1120"}],"curies":[{"name":"wp","href":"https:\/\/api.w.org\/{rel}","templated":true}]}}