{"id":11205,"date":"2025-11-20T02:21:30","date_gmt":"2025-11-20T02:21:30","guid":{"rendered":"https:\/\/www.elregional.cl\/?p=11205"},"modified":"2025-11-20T02:21:30","modified_gmt":"2025-11-20T02:21:30","slug":"todo-se-definira-en-calama-cobreloa-y-wanderers-empatan-2-2-en-valparaiso","status":"publish","type":"post","link":"https:\/\/www.elregional.cl\/?p=11205","title":{"rendered":"Todo se definir\u00e1 en Calama: Cobreloa y Wanderers empatan 2-2 en Valpara\u00edso"},"content":{"rendered":"<div class=\"the-post-header s-head-modern s-head-modern-a has-share-meta-right\">\n<div class=\"post-meta post-meta-a post-meta-left post-meta-single has-below\">\n<h1 class=\"is-title post-title\"><\/h1>\n<\/div>\n<\/div>\n<div class=\"the-post s-post-modern\">\n<article id=\"post-61837\" class=\"post-61837 post type-post status-publish format-standard has-post-thumbnail category-cobreloa category-tendencia tag-cobreloa tag-santiago-wanderers\">\n<div class=\"post-content-wrap has-share-float\">\n<div class=\"post-content cf entry-content content-spacious\">\n<p>En un partido no apto para card\u00edacos, Cobreloa debi\u00f3 visitar a Santiago Wanderers en el estadio El\u00edas Figueroa, en donde tras ir perdiendo en dos ocasiones, el cuadro minero logr\u00f3 reponerse, culminando el encuentro 2-2, y dando la chance que todo se defina en Calama.<\/p>\n<p>En el primer tiempo, los dirigidos por C\u00e9sar Bravo partieron abajo en el marcador, luego de un gol de Ethan Espinoza, y\u00e9ndose al entretiempo 1-0.<\/p>\n<p>En la segunda etapa, vendr\u00edan m\u00e1s alegr\u00edas. A los 49\u2032 Alex Vald\u00e9s, pondr\u00eda el empate, luego de un centro de Aldrix Jara que fue pivoteado por Navarrete y que el extremo naranja convirti\u00f3 en gol. Sin embargo, a los 60\u2032, tras un tiro de esquina, los \u201ccaturros\u201d volvieron a ponerse en ventaja con un autogol de Gerardo Navarrete. Y a los 81, Heredia, luego de un nuevo centro de Jara, logr\u00f3 la paridad final<\/p>\n<\/div>\n<\/div>\n<\/article>\n<\/div>\n","protected":false},"excerpt":{"rendered":"<p>En un partido no apto para card\u00edacos, Cobreloa debi\u00f3 visitar a Santiago Wanderers en el estadio El\u00edas Figueroa, en donde tras ir perdiendo en dos ocasiones, el cuadro minero logr\u00f3 reponerse, culminando el encuentro 2-2, y dando la chance que todo se defina en Calama. En el primer tiempo, los dirigidos por C\u00e9sar Bravo partieron &hellip;<\/p>\n","protected":false},"author":2,"featured_media":11206,"comment_status":"closed","ping_status":"closed","sticky":false,"template":"","format":"standard","meta":{"footnotes":""},"categories":[5],"tags":[],"class_list":["post-11205","post","type-post","status-publish","format-standard","has-post-thumbnail","hentry","category-deportes"],"_links":{"self":[{"href":"https:\/\/www.elregional.cl\/index.php?rest_route=\/wp\/v2\/posts\/11205","targetHints":{"allow":["GET"]}}],"collection":[{"href":"https:\/\/www.elregional.cl\/index.php?rest_route=\/wp\/v2\/posts"}],"about":[{"href":"https:\/\/www.elregional.cl\/index.php?rest_route=\/wp\/v2\/types\/post"}],"author":[{"embeddable":true,"href":"https:\/\/www.elregional.cl\/index.php?rest_route=\/wp\/v2\/users\/2"}],"replies":[{"embeddable":true,"href":"https:\/\/www.elregional.cl\/index.php?rest_route=%2Fwp%2Fv2%2Fcomments&post=11205"}],"version-history":[{"count":1,"href":"https:\/\/www.elregional.cl\/index.php?rest_route=\/wp\/v2\/posts\/11205\/revisions"}],"predecessor-version":[{"id":11207,"href":"https:\/\/www.elregional.cl\/index.php?rest_route=\/wp\/v2\/posts\/11205\/revisions\/11207"}],"wp:featuredmedia":[{"embeddable":true,"href":"https:\/\/www.elregional.cl\/index.php?rest_route=\/wp\/v2\/media\/11206"}],"wp:attachment":[{"href":"https:\/\/www.elregional.cl\/index.php?rest_route=%2Fwp%2Fv2%2Fmedia&parent=11205"}],"wp:term":[{"taxonomy":"category","embeddable":true,"href":"https:\/\/www.elregional.cl\/index.php?rest_route=%2Fwp%2Fv2%2Fcategories&post=11205"},{"taxonomy":"post_tag","embeddable":true,"href":"https:\/\/www.elregional.cl\/index.php?rest_route=%2Fwp%2Fv2%2Ftags&post=11205"}],"curies":[{"name":"wp","href":"https:\/\/api.w.org\/{rel}","templated":true}]}}