{"id":11215,"date":"2025-11-22T21:28:36","date_gmt":"2025-11-22T21:28:36","guid":{"rendered":"https:\/\/www.elregional.cl\/?p=11215"},"modified":"2025-11-22T21:28:36","modified_gmt":"2025-11-22T21:28:36","slug":"choque-de-buses-dejo-al-menos-cuatro-muertos-en-ruta-5-norte-en-antofagasta","status":"publish","type":"post","link":"https:\/\/www.elregional.cl\/?p=11215","title":{"rendered":"Choque de buses dej\u00f3 al menos cuatro muertos en Ruta 5 Norte en Antofagasta"},"content":{"rendered":"<p>15 lesionados por la violenta colisi\u00f3n. Equipos de emergencia a\u00fan trabajan en sector del accidente.<br \/>\nUn choque entre dos buses interregionales provoc\u00f3 a lo menos cuatro v\u00edctimas fatales en un accidente ocurrido en el sector Cruce Paposo, kil\u00f3metro 1.322 de la Ruta 5 Norte, comuna de Antofagasta, seg\u00fan inform\u00f3 B\u00edo B\u00edo.<br \/>\nLa informaci\u00f3n fue ratificada por Bomberos, aunque si bien Senapred en un primero comunicado entreg\u00f3 la cifra de seis muertos en la tragedia.<br \/>\nEl accidente ocurri\u00f3 cerca de las 07.00 horas por la densa neblina del sector cercano a La Negra.<br \/>\nEl tr\u00e1nsito permanece completamente interrumpido para permitir las labores de rescate y extracci\u00f3n de heridos y v\u00edctimas fatales.<br \/>\nBomberos de Antofagasta (unidades R-3, Q-1 y B-4) se encuentra en el lugar, junto a Carabineros y cuatro unidades del SAMU.<\/p>\n<p>Soychile.cl<\/p>\n","protected":false},"excerpt":{"rendered":"<p>15 lesionados por la violenta colisi\u00f3n. Equipos de emergencia a\u00fan trabajan en sector del accidente. Un choque entre dos buses interregionales provoc\u00f3 a lo menos cuatro v\u00edctimas fatales en un accidente ocurrido en el sector Cruce Paposo, kil\u00f3metro 1.322 de la Ruta 5 Norte, comuna de Antofagasta, seg\u00fan inform\u00f3 B\u00edo B\u00edo. La informaci\u00f3n fue ratificada &hellip;<\/p>\n","protected":false},"author":2,"featured_media":11216,"comment_status":"closed","ping_status":"closed","sticky":false,"template":"","format":"standard","meta":{"footnotes":""},"categories":[3],"tags":[],"class_list":["post-11215","post","type-post","status-publish","format-standard","has-post-thumbnail","hentry","category-pais"],"_links":{"self":[{"href":"https:\/\/www.elregional.cl\/index.php?rest_route=\/wp\/v2\/posts\/11215","targetHints":{"allow":["GET"]}}],"collection":[{"href":"https:\/\/www.elregional.cl\/index.php?rest_route=\/wp\/v2\/posts"}],"about":[{"href":"https:\/\/www.elregional.cl\/index.php?rest_route=\/wp\/v2\/types\/post"}],"author":[{"embeddable":true,"href":"https:\/\/www.elregional.cl\/index.php?rest_route=\/wp\/v2\/users\/2"}],"replies":[{"embeddable":true,"href":"https:\/\/www.elregional.cl\/index.php?rest_route=%2Fwp%2Fv2%2Fcomments&post=11215"}],"version-history":[{"count":1,"href":"https:\/\/www.elregional.cl\/index.php?rest_route=\/wp\/v2\/posts\/11215\/revisions"}],"predecessor-version":[{"id":11217,"href":"https:\/\/www.elregional.cl\/index.php?rest_route=\/wp\/v2\/posts\/11215\/revisions\/11217"}],"wp:featuredmedia":[{"embeddable":true,"href":"https:\/\/www.elregional.cl\/index.php?rest_route=\/wp\/v2\/media\/11216"}],"wp:attachment":[{"href":"https:\/\/www.elregional.cl\/index.php?rest_route=%2Fwp%2Fv2%2Fmedia&parent=11215"}],"wp:term":[{"taxonomy":"category","embeddable":true,"href":"https:\/\/www.elregional.cl\/index.php?rest_route=%2Fwp%2Fv2%2Fcategories&post=11215"},{"taxonomy":"post_tag","embeddable":true,"href":"https:\/\/www.elregional.cl\/index.php?rest_route=%2Fwp%2Fv2%2Ftags&post=11215"}],"curies":[{"name":"wp","href":"https:\/\/api.w.org\/{rel}","templated":true}]}}