{"id":1125,"date":"2024-09-11T17:25:50","date_gmt":"2024-09-11T17:25:50","guid":{"rendered":"https:\/\/www.elregional.cl\/?p=1125"},"modified":"2024-09-11T17:25:50","modified_gmt":"2024-09-11T17:25:50","slug":"mexico-avanza-con-polemica-reforma-judicial-jueces-seran-elegidos-por-voto-popular","status":"publish","type":"post","link":"https:\/\/www.elregional.cl\/?p=1125","title":{"rendered":"M\u00e9xico avanza con pol\u00e9mica reforma judicial: Jueces ser\u00e1n elegidos por voto popular."},"content":{"rendered":"<div class=\"td-post-header\">\n<header class=\"td-post-title\">\n<h1 class=\"entry-title\"><\/h1>\n<div class=\"td-module-meta-info\"><em><strong>DavidNoticias.cl<\/strong><\/em><\/div>\n<div class=\"td-module-meta-info\"><em><strong>En una sesi\u00f3n que dur\u00f3 cerca de 12 horas y fue marcada por interrupciones y disturbios, el Senado de M\u00e9xico aprob\u00f3 en la madrugada del mi\u00e9rcoles una controvertida reforma al Poder Judicial, que permitir\u00e1 que los jueces sean elegidos por voto popular a partir de 2025. La reforma, impulsada por el presidente saliente, Andr\u00e9s Manuel L\u00f3pez Obrador, y su partido Morena, ha generado preocupaci\u00f3n tanto en la oposici\u00f3n como en diversos organismos internacionales.<\/strong><\/em><\/div>\n<\/header>\n<\/div>\n<div class=\"td-post-content\">\n<p>La votaci\u00f3n fue intensa, con 86 votos a favor y 41 en contra. Sin embargo, lo m\u00e1s destacado del d\u00eda fueron las tensiones dentro y fuera de la C\u00e1mara. Un grupo de manifestantes, identificados como trabajadores del Poder Judicial en huelga, irrumpi\u00f3 en el Senado, obligando a la sesi\u00f3n a trasladarse a una antigua sede para continuar. Los opositores tambi\u00e9n intentaron tomar la tribuna, en un \u00faltimo esfuerzo por frenar la aprobaci\u00f3n de la reforma.<\/p>\n<p>La nueva legislaci\u00f3n, que ahora debe ser ratificada por los congresos estatales, ha sido duramente criticada. Expertos legales y organizaciones como Human Rights Watch y la ONU advierten que podr\u00eda comprometer la independencia del Poder Judicial, y temen que actores con intereses ilegales, como los narcotraficantes, podr\u00edan influir en la elecci\u00f3n de jueces. Adem\u00e1s, se\u00f1alan que las decisiones judiciales podr\u00edan estar m\u00e1s motivadas por la opini\u00f3n p\u00fablica que por el respeto a la ley.<\/p>\n<p>Pese a las protestas, Morena y sus aliados lograron el apoyo suficiente para sacar adelante la reforma. Ahora, el escenario pol\u00edtico se prepara para las elecciones populares de jueces en 2025, un proceso in\u00e9dito en la historia del pa\u00eds.<\/p>\n<\/div>\n","protected":false},"excerpt":{"rendered":"<p>DavidNoticias.cl En una sesi\u00f3n que dur\u00f3 cerca de 12 horas y fue marcada por interrupciones y disturbios, el Senado de M\u00e9xico aprob\u00f3 en la madrugada del mi\u00e9rcoles una controvertida reforma al Poder Judicial, que permitir\u00e1 que los jueces sean elegidos por voto popular a partir de 2025. La reforma, impulsada por el presidente saliente, Andr\u00e9s &hellip;<\/p>\n","protected":false},"author":2,"featured_media":0,"comment_status":"closed","ping_status":"closed","sticky":false,"template":"","format":"standard","meta":{"footnotes":""},"categories":[4],"tags":[],"class_list":["post-1125","post","type-post","status-publish","format-standard","hentry","category-mundo"],"_links":{"self":[{"href":"https:\/\/www.elregional.cl\/index.php?rest_route=\/wp\/v2\/posts\/1125","targetHints":{"allow":["GET"]}}],"collection":[{"href":"https:\/\/www.elregional.cl\/index.php?rest_route=\/wp\/v2\/posts"}],"about":[{"href":"https:\/\/www.elregional.cl\/index.php?rest_route=\/wp\/v2\/types\/post"}],"author":[{"embeddable":true,"href":"https:\/\/www.elregional.cl\/index.php?rest_route=\/wp\/v2\/users\/2"}],"replies":[{"embeddable":true,"href":"https:\/\/www.elregional.cl\/index.php?rest_route=%2Fwp%2Fv2%2Fcomments&post=1125"}],"version-history":[{"count":1,"href":"https:\/\/www.elregional.cl\/index.php?rest_route=\/wp\/v2\/posts\/1125\/revisions"}],"predecessor-version":[{"id":1127,"href":"https:\/\/www.elregional.cl\/index.php?rest_route=\/wp\/v2\/posts\/1125\/revisions\/1127"}],"wp:attachment":[{"href":"https:\/\/www.elregional.cl\/index.php?rest_route=%2Fwp%2Fv2%2Fmedia&parent=1125"}],"wp:term":[{"taxonomy":"category","embeddable":true,"href":"https:\/\/www.elregional.cl\/index.php?rest_route=%2Fwp%2Fv2%2Fcategories&post=1125"},{"taxonomy":"post_tag","embeddable":true,"href":"https:\/\/www.elregional.cl\/index.php?rest_route=%2Fwp%2Fv2%2Ftags&post=1125"}],"curies":[{"name":"wp","href":"https:\/\/api.w.org\/{rel}","templated":true}]}}