{"id":11280,"date":"2025-11-24T20:07:23","date_gmt":"2025-11-24T20:07:23","guid":{"rendered":"https:\/\/www.elregional.cl\/?p=11280"},"modified":"2025-11-24T20:07:23","modified_gmt":"2025-11-24T20:07:23","slug":"presidente-de-peru-pedira-apoyo-de-ff-aa-para-fortalecer-resguardo-en-frontera-con-chile","status":"publish","type":"post","link":"https:\/\/www.elregional.cl\/?p=11280","title":{"rendered":"Presidente de Per\u00fa pedir\u00e1 apoyo de FF.AA. para fortalecer resguardo en frontera con Chile"},"content":{"rendered":"<div class=\"div_titulo\">\n<h1 id=\"ucDetalle_TituloNoticia\"><\/h1>\n<\/div>\n<div class=\"div_h2\">\n<h5 id=\"ucDetalle_BajadaNoticia\">Emol.cl<\/h5>\n<h5>\u00abGran parte de la inseguridad que vivimos el d\u00eda de hoy es justamente por no haber atendido las fronteras\u00bb, coment\u00f3 Jos\u00e9 Jer\u00ed.<\/h5>\n<\/div>\n<div class=\"contenedor-columnas\" data-vista=\"relato\">\n<div class=\"box-central\">\n<div class=\"mrcdr_cont_relato\"><\/div>\n<\/div>\n<\/div>\n<div class=\"contenedor_social_emol\"><\/div>\n<div id=\"ucDetalle_CuerpoNoticia\" class=\"cuerpo_noticia cuerpo_noti_height_full\">\n<div>El presidente interino peruano, Jos\u00e9 Jer\u00ed, afirm\u00f3 ayer domingo que la inseguridad que vive el pa\u00eds se debe, en gran medida, por haber desatendido las fronteras,\u00a0<b>por lo que anunci\u00f3 que van a pedir el apoyo de las Fuerzas Armadas en las provincias lim\u00edtrofes del sur de Per\u00fa con Chile.<\/b><\/div>\n<div><\/div>\n<div>Jer\u00ed presidi\u00f3 este domingo un acto oficial en Tacna, cerca de laq frontera con el pa\u00eds, donde inform\u00f3 que el Ejecutivo va a implementar un plan multisectorial para aumentar el resguardo de las zonas lim\u00edtrofes y que este proyecto comenzar\u00e1 en el sur.<\/div>\n<div><\/div>\n<div>\u00abGran parte de la inseguridad que vivimos el d\u00eda de hoy es justamente por no haber atendido y resguardado como se debe nuestras fronteras. Por ello, tiene que haber una autoridad que est\u00e9 atr\u00e1s supervisando que todo funcione bien\u00bb, dijo Jer\u00ed.<\/div>\n<div><\/div>\n<div>Durante su visita a Tacna, el presidente interino visit\u00f3 el puesto de control fronterizo de Santa Rosa y fue enf\u00e1tico al afirmar que las tareas de supervisi\u00f3n en las fronteras,\u00a0<b>\u00abpor m\u00e1s sencillas que parezcan, no se han venido realizando\u00bb.<\/b><\/div>\n<div><\/div>\n<div>En este sentido, horas m\u00e1s tarde de pronunciar su discurso en Tacna, el presidente interino anunci\u00f3 en la red social X que para pedir el apoyo de las Fuerzas Armadas en la frontera sur decretar\u00e1n el estado de emergencia en las provincias lim\u00edtrofes con Chile.<\/div>\n<div><\/div>\n<div>\u00abDebemos dejar que nuestras fronteras sean consideradas coladeras y que el estado tenga presencial real que genere impacto y desarrollo\u00bb, indic\u00f3 Jer\u00ed en su cuenta personal, que utiliza a diario.<\/div>\n<\/div>\n","protected":false},"excerpt":{"rendered":"<p>Emol.cl \u00abGran parte de la inseguridad que vivimos el d\u00eda de hoy es justamente por no haber atendido las fronteras\u00bb, coment\u00f3 Jos\u00e9 Jer\u00ed. El presidente interino peruano, Jos\u00e9 Jer\u00ed, afirm\u00f3 ayer domingo que la inseguridad que vive el pa\u00eds se debe, en gran medida, por haber desatendido las fronteras,\u00a0por lo que anunci\u00f3 que van a &hellip;<\/p>\n","protected":false},"author":2,"featured_media":11281,"comment_status":"closed","ping_status":"closed","sticky":false,"template":"","format":"standard","meta":{"footnotes":""},"categories":[4],"tags":[],"class_list":["post-11280","post","type-post","status-publish","format-standard","has-post-thumbnail","hentry","category-mundo"],"_links":{"self":[{"href":"https:\/\/www.elregional.cl\/index.php?rest_route=\/wp\/v2\/posts\/11280","targetHints":{"allow":["GET"]}}],"collection":[{"href":"https:\/\/www.elregional.cl\/index.php?rest_route=\/wp\/v2\/posts"}],"about":[{"href":"https:\/\/www.elregional.cl\/index.php?rest_route=\/wp\/v2\/types\/post"}],"author":[{"embeddable":true,"href":"https:\/\/www.elregional.cl\/index.php?rest_route=\/wp\/v2\/users\/2"}],"replies":[{"embeddable":true,"href":"https:\/\/www.elregional.cl\/index.php?rest_route=%2Fwp%2Fv2%2Fcomments&post=11280"}],"version-history":[{"count":1,"href":"https:\/\/www.elregional.cl\/index.php?rest_route=\/wp\/v2\/posts\/11280\/revisions"}],"predecessor-version":[{"id":11282,"href":"https:\/\/www.elregional.cl\/index.php?rest_route=\/wp\/v2\/posts\/11280\/revisions\/11282"}],"wp:featuredmedia":[{"embeddable":true,"href":"https:\/\/www.elregional.cl\/index.php?rest_route=\/wp\/v2\/media\/11281"}],"wp:attachment":[{"href":"https:\/\/www.elregional.cl\/index.php?rest_route=%2Fwp%2Fv2%2Fmedia&parent=11280"}],"wp:term":[{"taxonomy":"category","embeddable":true,"href":"https:\/\/www.elregional.cl\/index.php?rest_route=%2Fwp%2Fv2%2Fcategories&post=11280"},{"taxonomy":"post_tag","embeddable":true,"href":"https:\/\/www.elregional.cl\/index.php?rest_route=%2Fwp%2Fv2%2Ftags&post=11280"}],"curies":[{"name":"wp","href":"https:\/\/api.w.org\/{rel}","templated":true}]}}