{"id":11385,"date":"2025-11-30T19:42:06","date_gmt":"2025-11-30T19:42:06","guid":{"rendered":"https:\/\/www.elregional.cl\/?p=11385"},"modified":"2025-11-30T19:42:06","modified_gmt":"2025-11-30T19:42:06","slug":"verstappen-gana-el-gp-de-qatar-y-el-titulo-se-decidira-en-la-ultima-fecha","status":"publish","type":"post","link":"https:\/\/www.elregional.cl\/?p=11385","title":{"rendered":"Verstappen gana el GP de Qatar y el t\u00edtulo se decidir\u00e1 en la \u00faltima fecha"},"content":{"rendered":"<div class=\"div_titulo\">\n<h1 id=\"ucDetalle_TituloNoticia\"><\/h1>\n<\/div>\n<div class=\"div_fecha_top\">\n<h3 id=\"ucDetalle_FechaModificacionNoticia\"><\/h3>\n<\/div>\n<div class=\"div_h2\">\n<h5 id=\"ucDetalle_BajadaNoticia\">Emol.cl<\/h5>\n<h5>Lando Norris sigue liderando.<\/h5>\n<\/div>\n<div class=\"contenedor_social_emol\"><\/div>\n<div id=\"ucDetalle_CuerpoNoticia\" class=\"cuerpo_noticia cuerpo_noti_height_full\">\n<div><b>El tetracampe\u00f3n del mundo Max Verstappen (Red Bull) gan\u00f3 este domingo el Gran Premio de Qatar<\/b>\u00a0de F\u00f3rmula 1 y alarg\u00f3 la lucha por el t\u00edtulo contra los McLaren de Oscar Piastri (2\u00ba) y Lando Norris (4\u00ba) hasta la \u00faltima cita de la temporada, en Abu Dhabi el pr\u00f3ximo domingo.<\/div>\n<div><\/div>\n<div><b>Norris, que en caso de victoria se habr\u00eda proclamado campe\u00f3n\u00a0<\/b>del mundo este domingo, qued\u00f3 relegado detr\u00e1s del espa\u00f1ol Carlos Sainz (Williams) luego de una mala estrategia de paradas en boxes, y perdi\u00f3 parte de su ventaja sobre Verstappen y Piastri antes de la \u00faltima carrera del a\u00f1o.<\/div>\n<div><\/div>\n<div><b>El brit\u00e1nico sigue dependiendo de s\u00ed mismo, gracias a los 12 puntos de margen sobre el neerland\u00e9s y a los 16 sobre su compa\u00f1ero australiano<\/b>, antes de una carrera en el circuito de Yas Marina donde la m\u00e1xima puntuaci\u00f3n para el ganador ser\u00e1 de 25 puntos.<\/p>\n<p>Norris mantiene el liderato con 408 puntos y ahora Verstappen, quien no tir\u00f3 la toalla una vez m\u00e1s, es segundo con 396, por los 392 de Piastri.<\/p>\n<\/div>\n<div><b>La \u00faltima vez que el t\u00edtulo se decidi\u00f3 en la \u00faltima carrera fue el a\u00f1o 2021<\/b>, cuando el brit\u00e1nico Lewis Hamilton, en aquel momento piloto de Mercedes, perdi\u00f3 el t\u00edtulo mundial en la \u00faltima vuelta&#8230; contra Max Verstappen.<\/p>\n<div><\/div>\n<div>\n<div>Los tres contendientes al t\u00edtulo han ganado siete carreras esta temporada.\u00a0<b>Verstappen busca su quinto t\u00edtulo consecutivo de F-1, mientras que Piastri y Norris persiguen el primero.<\/b><\/div>\n<div><\/div>\n<div>\u201c<b>Ha sido una carrera muy encantadora<\/b>\u201d, expres\u00f3 Verstappen por la radio del equipo tras su 70\u00aa victoria en su carrera. \u201cGran trabajo por parte de todos\u00bb.<\/div>\n<div><\/div>\n<div>Norris a\u00fan puede convertirse en el primer piloto brit\u00e1nico en ganar el campeonato desde que Lewis Hamilton asegur\u00f3 el \u00faltimo de sus siete t\u00edtulos en 2020.<\/div>\n<\/div>\n<\/div>\n<\/div>\n","protected":false},"excerpt":{"rendered":"<p>Emol.cl Lando Norris sigue liderando. El tetracampe\u00f3n del mundo Max Verstappen (Red Bull) gan\u00f3 este domingo el Gran Premio de Qatar\u00a0de F\u00f3rmula 1 y alarg\u00f3 la lucha por el t\u00edtulo contra los McLaren de Oscar Piastri (2\u00ba) y Lando Norris (4\u00ba) hasta la \u00faltima cita de la temporada, en Abu Dhabi el pr\u00f3ximo domingo. Norris, &hellip;<\/p>\n","protected":false},"author":2,"featured_media":11386,"comment_status":"closed","ping_status":"closed","sticky":false,"template":"","format":"standard","meta":{"footnotes":""},"categories":[5],"tags":[],"class_list":["post-11385","post","type-post","status-publish","format-standard","has-post-thumbnail","hentry","category-deportes"],"_links":{"self":[{"href":"https:\/\/www.elregional.cl\/index.php?rest_route=\/wp\/v2\/posts\/11385","targetHints":{"allow":["GET"]}}],"collection":[{"href":"https:\/\/www.elregional.cl\/index.php?rest_route=\/wp\/v2\/posts"}],"about":[{"href":"https:\/\/www.elregional.cl\/index.php?rest_route=\/wp\/v2\/types\/post"}],"author":[{"embeddable":true,"href":"https:\/\/www.elregional.cl\/index.php?rest_route=\/wp\/v2\/users\/2"}],"replies":[{"embeddable":true,"href":"https:\/\/www.elregional.cl\/index.php?rest_route=%2Fwp%2Fv2%2Fcomments&post=11385"}],"version-history":[{"count":1,"href":"https:\/\/www.elregional.cl\/index.php?rest_route=\/wp\/v2\/posts\/11385\/revisions"}],"predecessor-version":[{"id":11387,"href":"https:\/\/www.elregional.cl\/index.php?rest_route=\/wp\/v2\/posts\/11385\/revisions\/11387"}],"wp:featuredmedia":[{"embeddable":true,"href":"https:\/\/www.elregional.cl\/index.php?rest_route=\/wp\/v2\/media\/11386"}],"wp:attachment":[{"href":"https:\/\/www.elregional.cl\/index.php?rest_route=%2Fwp%2Fv2%2Fmedia&parent=11385"}],"wp:term":[{"taxonomy":"category","embeddable":true,"href":"https:\/\/www.elregional.cl\/index.php?rest_route=%2Fwp%2Fv2%2Fcategories&post=11385"},{"taxonomy":"post_tag","embeddable":true,"href":"https:\/\/www.elregional.cl\/index.php?rest_route=%2Fwp%2Fv2%2Ftags&post=11385"}],"curies":[{"name":"wp","href":"https:\/\/api.w.org\/{rel}","templated":true}]}}