{"id":11491,"date":"2025-12-13T06:26:04","date_gmt":"2025-12-13T06:26:04","guid":{"rendered":"https:\/\/www.elregional.cl\/?p=11491"},"modified":"2025-12-13T06:26:04","modified_gmt":"2025-12-13T06:26:04","slug":"carabineros-coquimbo-recupera-cuatro-vehiculos-avaluados-en-mas-de-cien-millones-de-pesos","status":"publish","type":"post","link":"https:\/\/www.elregional.cl\/?p=11491","title":{"rendered":"Carabineros Coquimbo recupera cuatro veh\u00edculos\u00a0 avaluados en m\u00e1s de cien millones de pesos"},"content":{"rendered":"<div class=\"td_block_wrap tdb_title tdi_13 tdb-single-title td-pb-border-top td_block_template_1\" data-td-block-uid=\"tdi_13\">\n<div class=\"tdb-block-inner td-fix-index\">\n<h1 class=\"tdb-title-text\"><\/h1>\n<\/div>\n<\/div>\n<div class=\"td-a-rec td-a-rec-id-custom_ad_5  tdi_21 td_block_template_1\"><\/div>\n<div class=\"td_block_wrap tdb_single_content tdi_22 td-pb-border-top td_block_template_1 td-post-content tagdiv-type\" data-td-block-uid=\"tdi_22\">\n<div class=\"tdb-block-inner td-fix-index\">\n<p><em>Una intensa jornada de recuperaci\u00f3n de veh\u00edculos fue la que protagoniz\u00f3 carabineros en la conurbaci\u00f3n durante los despliegues nocturnos de este jueves. Cuatro autom\u00f3viles avaluados en m\u00e1s de cien millones de pesos y cuatro detenidos fueron parte del resultado del trabajo en terreno de la polic\u00eda uniformada en la provincia del Elqui.<\/em><\/p>\n<p><span id=\"more-202569\"><\/span>\u201cEstamos trabajando en base a una estrategia operativa de m\u00e1s fiscalizaci\u00f3n, m\u00e1s control y m\u00e1s presencia territorial que se traduce directamente en mayor prevenci\u00f3n. En este caso, el posicionamiento en distintos puntos de la conurbaci\u00f3n combinado con el conocimiento y la experiencia de nuestros carabineros en el territorio, nos permiti\u00f3 identificar, de manera separada, cuatro veh\u00edculos robados que transitaban por\u00a0<a title=\"\" href=\"http:\/\/www.laserenaonline.cl\/\" target=\"_blank\" rel=\"noopener\">La Serena<\/a>\u00a0y Coquimbo con patentes artesanales y detener a sus conductores\u201d, explic\u00f3 el Prefecto de Coquimbo, Coronel Juan Escobar.<\/p>\n<p>Eran la una de la madrugada cuando una fiscalizaci\u00f3n carretera de Carabineros se transform\u00f3 en la que ser\u00eda la primera de una serie de recuperaciones de veh\u00edculos durante la noche. El procedimiento se gener\u00f3 a la altura del kil\u00f3metro 434 de la ruta 5, cuando a la altura de Guanaqueros, los uniformados controlaron un auto del cual r\u00e1pidamente identificaron patentes artesanales.<\/p>\n<p>Tras corroborar los antecedentes, confirmaron sus sospechas: el m\u00f3vil, un Toyota Rav4 blanco, hab\u00eda sido sustra\u00eddo el pasado cinco de diciembre en Cerrillos, y desde entonces manten\u00eda encargo vigente por robo. Auto recuperado y un detenido, el chileno JIAC, de 24 a\u00f1os, quien mantiene diversos antecedentes.<\/p>\n<p>Cuarenta y cinco minutos despu\u00e9s y en una de las avenidas m\u00e1s transitadas de La Serena, un operativo similar era encabezado por carabineros de la Primera Comisar\u00eda. Esta vez, en calle Huanhual\u00ed, donde concluy\u00f3 un seguimiento controlado protagonizado por un Toyota Rav4 cuyos ocupantes intentaron evadir un control policial d\u00e1ndose a la fuga por distintas rutas de la capital regional.<\/p>\n<p>El auto, que termin\u00f3 chocando contra el bandej\u00f3n central, manten\u00eda encargo por robo desde el pasado siete de julio en la comuna de La Florida, mientras que sus ocupantes, dos venezolanos, fueron detenidos. Uno de ellos, JDRZ de 21 a\u00f1os, manten\u00eda antecedentes policiales por apropiaci\u00f3n indebida y lesiones.<\/p>\n<\/div>\n<\/div>\n","protected":false},"excerpt":{"rendered":"<p>Una intensa jornada de recuperaci\u00f3n de veh\u00edculos fue la que protagoniz\u00f3 carabineros en la conurbaci\u00f3n durante los despliegues nocturnos de este jueves. Cuatro autom\u00f3viles avaluados en m\u00e1s de cien millones de pesos y cuatro detenidos fueron parte del resultado del trabajo en terreno de la polic\u00eda uniformada en la provincia del Elqui. \u201cEstamos trabajando en &hellip;<\/p>\n","protected":false},"author":2,"featured_media":11492,"comment_status":"closed","ping_status":"closed","sticky":false,"template":"","format":"standard","meta":{"footnotes":""},"categories":[2],"tags":[],"class_list":["post-11491","post","type-post","status-publish","format-standard","has-post-thumbnail","hentry","category-regionales"],"_links":{"self":[{"href":"https:\/\/www.elregional.cl\/index.php?rest_route=\/wp\/v2\/posts\/11491","targetHints":{"allow":["GET"]}}],"collection":[{"href":"https:\/\/www.elregional.cl\/index.php?rest_route=\/wp\/v2\/posts"}],"about":[{"href":"https:\/\/www.elregional.cl\/index.php?rest_route=\/wp\/v2\/types\/post"}],"author":[{"embeddable":true,"href":"https:\/\/www.elregional.cl\/index.php?rest_route=\/wp\/v2\/users\/2"}],"replies":[{"embeddable":true,"href":"https:\/\/www.elregional.cl\/index.php?rest_route=%2Fwp%2Fv2%2Fcomments&post=11491"}],"version-history":[{"count":1,"href":"https:\/\/www.elregional.cl\/index.php?rest_route=\/wp\/v2\/posts\/11491\/revisions"}],"predecessor-version":[{"id":11493,"href":"https:\/\/www.elregional.cl\/index.php?rest_route=\/wp\/v2\/posts\/11491\/revisions\/11493"}],"wp:featuredmedia":[{"embeddable":true,"href":"https:\/\/www.elregional.cl\/index.php?rest_route=\/wp\/v2\/media\/11492"}],"wp:attachment":[{"href":"https:\/\/www.elregional.cl\/index.php?rest_route=%2Fwp%2Fv2%2Fmedia&parent=11491"}],"wp:term":[{"taxonomy":"category","embeddable":true,"href":"https:\/\/www.elregional.cl\/index.php?rest_route=%2Fwp%2Fv2%2Fcategories&post=11491"},{"taxonomy":"post_tag","embeddable":true,"href":"https:\/\/www.elregional.cl\/index.php?rest_route=%2Fwp%2Fv2%2Ftags&post=11491"}],"curies":[{"name":"wp","href":"https:\/\/api.w.org\/{rel}","templated":true}]}}