{"id":11513,"date":"2025-12-13T07:05:21","date_gmt":"2025-12-13T07:05:21","guid":{"rendered":"https:\/\/www.elregional.cl\/?p=11513"},"modified":"2025-12-13T07:05:21","modified_gmt":"2025-12-13T07:05:21","slug":"colombia-recibiria-a-maduro-si-sale-de-venezuela-para-una-transicion-en-el-poder-dice-el-gobierno-de-petro","status":"publish","type":"post","link":"https:\/\/www.elregional.cl\/?p=11513","title":{"rendered":"Colombia recibir\u00eda a Maduro si sale de Venezuela para una transici\u00f3n en el poder, dice el Gobierno de Petro"},"content":{"rendered":"<section class=\"layout__top layout-with-rail__top\" data-editable=\"top\" data-track-zone=\"top\">\n<div class=\"headline headline--has-lowertext\" data-uri=\"es.cms.cnn.com\/_components\/headline\/instances\/cmj1npi5q003o2cnnapu62szl@published\" data-component-name=\"headline\" data-analytics-observe=\"off\">\n<div class=\"headline__wrapper\">\n<h1 id=\"maincontent\" class=\"headline__text inline-placeholder vossi-headline-text\" data-editable=\"headlineText\"><\/h1>\n<\/div>\n<\/div>\n<\/section>\n<section class=\"layout__wrapper layout-with-rail__wrapper\" data-sticky-anchor-pos=\"top\" data-sticky-anchor-condition-type=\"pageType,subsection\" data-sticky-anchor-condition-value=\"article,!elections\" data-sticky-anchor-priority=\"1\">\n<section class=\"layout__main-wrapper layout-with-rail__main-wrapper\">\n<section class=\"layout__main layout-with-rail__main\" data-editable=\"main\" data-track-zone=\"main\" data-reorderable=\"main\">\n<article class=\"article\" role=\"main\" data-uri=\"es.cms.cnn.com\/_components\/article\/instances\/cmj1npi61003y2cnn52791ip9@published\" data-component-name=\"article\" data-drag-disable=\"true\" data-unselectable=\"true\" data-show-regwall=\"false\" data-show-paywall=\"false\" data-subscription-only=\"false\">\n<section class=\"body tabcontent active\" data-tabcontent=\"Content\"><main class=\"article__main\"><\/p>\n<div class=\"article__content-container\">\n<div class=\"article__content\" data-editable=\"content\" data-reorderable=\"content\">\n<p class=\"paragraph inline-placeholder vossi-paragraph\" data-uri=\"es.cms.cnn.com\/_components\/paragraph\/instances\/cmj1npi61003x2cnnhyp7dmyh@published\" data-editable=\"text\" data-component-name=\"paragraph\" data-article-gutter=\"true\" data-analytics-observe=\"on\">CNN.<\/p>\n<p class=\"paragraph inline-placeholder vossi-paragraph\" data-uri=\"es.cms.cnn.com\/_components\/paragraph\/instances\/cmj1npi61003x2cnnhyp7dmyh@published\" data-editable=\"text\" data-component-name=\"paragraph\" data-article-gutter=\"true\" data-analytics-observe=\"on\">Rosa Yolanda Villavicencio, canciller de Colombia, dijo que si el presidente de Venezuela, Nicol\u00e1s Maduro, llegase a salir de su pa\u00eds para una transici\u00f3n en el poder, Colombia le ofrecer\u00eda protecci\u00f3n.<\/p>\n<p class=\"paragraph inline-placeholder vossi-paragraph\" data-uri=\"es.cms.cnn.com\/_components\/paragraph\/instances\/cmj1nqhbp0003356od9jkko12@published\" data-editable=\"text\" data-component-name=\"paragraph\" data-article-gutter=\"true\" data-analytics-observe=\"on\">\u201cEn el momento de tensi\u00f3n que existe (entre Estados Unidos y Venezuela), hay que negociar, y seguramente, si EE.UU. exige una transici\u00f3n o un cambio, es una cosa (la salida de Venezuela) que ellos deben valorar. Si esa salida implica que \u00e9l (Maduro) deba vivir en otro pa\u00eds o pedir la protecci\u00f3n, Colombia no tendr\u00eda por qu\u00e9 decirle que no\u201d, dijo Villavicencio en una\u00a0<a href=\"https:\/\/x.com\/UltimaHoraCR\/status\/1999113396822704509?s=20\" target=\"_blank\" rel=\"noopener\">entrevista<\/a>\u00a0de este jueves con el medio local Caracol.<\/p>\n<div class=\"quantum-wrapper ad-slot-wrapper qtm-element \" data-ad-id=\"ad_rect_btf_06\" data-ad-position=\"mobile\">\n<div><\/div>\n<\/div>\n<p class=\"paragraph inline-placeholder vossi-paragraph\" data-uri=\"es.cms.cnn.com\/_components\/paragraph\/instances\/cmj1nqhbp0004356orp4l6ljd@published\" data-editable=\"text\" data-component-name=\"paragraph\" data-article-gutter=\"true\" data-analytics-observe=\"on\">El mi\u00e9rcoles, el presidente de Colombia, Gustavo Petro,\u00a0<a href=\"https:\/\/cnnespanol.cnn.com\/mundo\/live-news\/corina-machado-entrega-premio-nobel-paz-orix?post-id=cmj0bf4aa0005356ui6v31kcz\">dijo<\/a>\u00a0que Venezuela necesita una \u201crevoluci\u00f3n democr\u00e1tica\u201d y pidi\u00f3 un \u201cgobierno de transici\u00f3n\u201d.<\/p>\n<p class=\"paragraph inline-placeholder vossi-paragraph\" data-uri=\"es.cms.cnn.com\/_components\/paragraph\/instances\/cmj1nqhbp0005356omnvc1nvt@published\" data-editable=\"text\" data-component-name=\"paragraph\" data-article-gutter=\"true\" data-analytics-observe=\"on\">\u201cEl Gobierno de Maduro debe entender que la respuesta a una agresi\u00f3n externa no es solo un alistamiento militar sino una revoluci\u00f3n democr\u00e1tica. Es con m\u00e1s democracia como se defiende un pa\u00eds no con m\u00e1s represiones ineficientes\u201d, escribi\u00f3 Petro en<a href=\"https:\/\/x.com\/petrogustavo\/status\/1998774566219403429\" target=\"_blank\" rel=\"noopener\">\u00a0su cuenta de X.<\/a><\/p>\n<p class=\"paragraph inline-placeholder vossi-paragraph\" data-uri=\"es.cms.cnn.com\/_components\/paragraph\/instances\/cmj1nqhbp0006356ofjjvgbc7@published\" data-editable=\"text\" data-component-name=\"paragraph\" data-article-gutter=\"true\" data-analytics-observe=\"on\">\u201cEs hora de una amnist\u00eda general y de un gobierno de transici\u00f3n con la inclusi\u00f3n de todos y de todas. La patria de Bol\u00edvar no debe ser invadida ni por extranjeros no por ret\u00f3ricas vac\u00edas no por c\u00e1rceles del alma. La patria de Bol\u00edvar se defiende con m\u00e1s democracia y soberan\u00eda\u201d, agreg\u00f3 el mandatario de Colombia.<\/p>\n<div class=\"ad-slot-dynamic ad-slot-dynamic--1\" data-uri=\"es.cms.cnn.com\/_components\/ad-slot-dynamic\/instances\/sharethrough@published\" data-placement=\"{&quot;mobile&quot;:{&quot;position&quot;:5},&quot;desktop&quot;:{&quot;position&quot;:3}}\" data-unselectable=\"true\"><\/div>\n<p class=\"paragraph inline-placeholder vossi-paragraph\" data-uri=\"es.cms.cnn.com\/_components\/paragraph\/instances\/cmj1nqhbp0007356odapie9zc@published\" data-editable=\"text\" data-component-name=\"paragraph\" data-article-gutter=\"true\" data-analytics-observe=\"on\">Desde\u00a0<a href=\"https:\/\/cnnespanol.cnn.com\/2025\/12\/09\/venezuela\/trump-planes-despues-maduro-venezuela-trax\">hace meses<\/a>, EE.UU. ha llevado a cabo una campa\u00f1a de\u00a0<a href=\"https:\/\/cnnespanol.cnn.com\/2025\/12\/11\/eeuu\/analisis-trump-venezuela-petrolero-escalada-trax\">presi\u00f3n<\/a>\u00a0que ha visto a las fuerzas armadas estadounidenses mover miles de tropas y un grupo de ataque de portaaviones al Caribe y al presidente Donald Trump emitir reiteradas amenazas contra Maduro.<\/p>\n<p class=\"paragraph inline-placeholder vossi-paragraph\" data-uri=\"es.cms.cnn.com\/_components\/paragraph\/instances\/cmj1nqhbp0008356oxvw37g0f@published\" data-editable=\"text\" data-component-name=\"paragraph\" data-article-gutter=\"true\" data-analytics-observe=\"on\">Seg\u00fan fuentes consultadas por\u00a0<a href=\"https:\/\/cnnespanol.cnn.com\/2025\/12\/09\/venezuela\/trump-planes-despues-maduro-venezuela-trax\">CNN<\/a>, la administraci\u00f3n de Trump est\u00e1 trabajando en planes para el d\u00eda despu\u00e9s en caso de que Maduro sea expulsado del poder. Los planes incluyen m\u00faltiples opciones sobre c\u00f3mo podr\u00eda ser la acci\u00f3n de Estados Unidos para llenar el vac\u00edo de poder y estabilizar el pa\u00eds si Maduro se va voluntariamente como parte de una salida negociada o se ve obligado a irse despu\u00e9s de ataques estadounidenses a objetivos dentro de Venezuela u otra acci\u00f3n directa, dijeron las fuentes.<\/p>\n<\/div>\n<\/div>\n<p><\/main><\/section>\n<\/article>\n<\/section>\n<\/section>\n<\/section>\n","protected":false},"excerpt":{"rendered":"<p>CNN. Rosa Yolanda Villavicencio, canciller de Colombia, dijo que si el presidente de Venezuela, Nicol\u00e1s Maduro, llegase a salir de su pa\u00eds para una transici\u00f3n en el poder, Colombia le ofrecer\u00eda protecci\u00f3n. \u201cEn el momento de tensi\u00f3n que existe (entre Estados Unidos y Venezuela), hay que negociar, y seguramente, si EE.UU. exige una transici\u00f3n o &hellip;<\/p>\n","protected":false},"author":2,"featured_media":11514,"comment_status":"closed","ping_status":"closed","sticky":false,"template":"","format":"standard","meta":{"footnotes":""},"categories":[4],"tags":[],"class_list":["post-11513","post","type-post","status-publish","format-standard","has-post-thumbnail","hentry","category-mundo"],"_links":{"self":[{"href":"https:\/\/www.elregional.cl\/index.php?rest_route=\/wp\/v2\/posts\/11513","targetHints":{"allow":["GET"]}}],"collection":[{"href":"https:\/\/www.elregional.cl\/index.php?rest_route=\/wp\/v2\/posts"}],"about":[{"href":"https:\/\/www.elregional.cl\/index.php?rest_route=\/wp\/v2\/types\/post"}],"author":[{"embeddable":true,"href":"https:\/\/www.elregional.cl\/index.php?rest_route=\/wp\/v2\/users\/2"}],"replies":[{"embeddable":true,"href":"https:\/\/www.elregional.cl\/index.php?rest_route=%2Fwp%2Fv2%2Fcomments&post=11513"}],"version-history":[{"count":1,"href":"https:\/\/www.elregional.cl\/index.php?rest_route=\/wp\/v2\/posts\/11513\/revisions"}],"predecessor-version":[{"id":11515,"href":"https:\/\/www.elregional.cl\/index.php?rest_route=\/wp\/v2\/posts\/11513\/revisions\/11515"}],"wp:featuredmedia":[{"embeddable":true,"href":"https:\/\/www.elregional.cl\/index.php?rest_route=\/wp\/v2\/media\/11514"}],"wp:attachment":[{"href":"https:\/\/www.elregional.cl\/index.php?rest_route=%2Fwp%2Fv2%2Fmedia&parent=11513"}],"wp:term":[{"taxonomy":"category","embeddable":true,"href":"https:\/\/www.elregional.cl\/index.php?rest_route=%2Fwp%2Fv2%2Fcategories&post=11513"},{"taxonomy":"post_tag","embeddable":true,"href":"https:\/\/www.elregional.cl\/index.php?rest_route=%2Fwp%2Fv2%2Ftags&post=11513"}],"curies":[{"name":"wp","href":"https:\/\/api.w.org\/{rel}","templated":true}]}}