{"id":11517,"date":"2025-12-13T07:14:20","date_gmt":"2025-12-13T07:14:20","guid":{"rendered":"https:\/\/www.elregional.cl\/?p=11517"},"modified":"2025-12-13T07:14:20","modified_gmt":"2025-12-13T07:14:20","slug":"pdi-detiene-a-dos-personas-bolivianas-por-delito-de-sustraccion-de-menores-en-peralillo","status":"publish","type":"post","link":"https:\/\/www.elregional.cl\/?p=11517","title":{"rendered":"PDI detiene a dos personas bolivianas por delito de sustracci\u00f3n de menores en Peralillo"},"content":{"rendered":"<header class=\"entry-header-outer\">\n<div class=\"entry-header\">\n<div class=\"single-post-meta post-meta clearfix\"><\/div>\n<\/div>\n<\/header>\n<div class=\"entry-content entry clearfix\">\n<p><strong><em>Tras intensas diligencias policiales, los funcionarios policiales dieron con el paradero de los menores en la ciudad de La Serena logrando la detenci\u00f3n en flagrancia de los ciudadanos bolivianos.<\/em><\/strong><\/p>\n<p>Detectives de la Brigada de Investigaci\u00f3n Criminal Vicu\u00f1a, desarrollaron diversas diligencias investigativas tras la denuncia por el delito de Sustracci\u00f3n de Menores, ocurrido el 8 de diciembre reci\u00e9n pasado en la localidad de Peralillo, comuna de Vicu\u00f1a.<\/p>\n<p>Seg\u00fan los antecedentes iniciales, tres N.N.A. de nacionalidad boliviana habr\u00edan sido trasladados por sus abuelos paternos con la intenci\u00f3n de llevarlos hasta Bolivia sin el consentimiento de su madre. Ante la situaci\u00f3n, los detectives activaron los protocolos correspondientes, gestionando el encargo a nivel nacional y la difusi\u00f3n de im\u00e1genes hacia los pasos lim\u00edtrofes.<\/p>\n<p>En atenci\u00f3n a requerimiento de Fiscal\u00eda ECOH, durante la madrugada se llevaron a cabo diligencias de an\u00e1lisis criminal con apoyo de unidades especializadas, entre ellas el levantamiento de c\u00e1maras de seguridad, empadronamiento, entre otras, en coordinaci\u00f3n con unidades policiales de La Serena, Coquimbo, Rancagua y Santiago.<\/p>\n<p><em>\u201cLos funcionarios policiales lograron ubicar a los tres menores el d\u00eda 09 de diciembre del presente a\u00f1o, en un hostal cercano al terminal de buses de La Serena, junto a los dos imputados, ambos ciudadanos bolivianos que ingresaron al pa\u00eds como turistas y pretend\u00edan sacar a las v\u00edctimas hacia Bolivia en contra de la voluntad de su madre. Los oficiales procedieron a la detenci\u00f3n en flagrancia de los involucrados, quienes fueron puestos a disposici\u00f3n del Juzgado de Garant\u00eda de Vicu\u00f1a, mientras que los menores fueron entregados a su madre\u201d,\u00a0<\/em>Inform\u00f3 el Subprefecto Alexis D\u00edaz Valdivia, jefe subrogante de la Brigada de Investigaci\u00f3n Criminal Vicu\u00f1a<em>.<\/em><\/p>\n<div class=\"stream-item stream-item-below-post-content\">\n<div class=\"stream-item-size\"><\/div>\n<\/div>\n<\/div>\n","protected":false},"excerpt":{"rendered":"<p>Tras intensas diligencias policiales, los funcionarios policiales dieron con el paradero de los menores en la ciudad de La Serena logrando la detenci\u00f3n en flagrancia de los ciudadanos bolivianos. Detectives de la Brigada de Investigaci\u00f3n Criminal Vicu\u00f1a, desarrollaron diversas diligencias investigativas tras la denuncia por el delito de Sustracci\u00f3n de Menores, ocurrido el 8 de &hellip;<\/p>\n","protected":false},"author":2,"featured_media":11518,"comment_status":"closed","ping_status":"closed","sticky":false,"template":"","format":"standard","meta":{"footnotes":""},"categories":[2],"tags":[],"class_list":["post-11517","post","type-post","status-publish","format-standard","has-post-thumbnail","hentry","category-regionales"],"_links":{"self":[{"href":"https:\/\/www.elregional.cl\/index.php?rest_route=\/wp\/v2\/posts\/11517","targetHints":{"allow":["GET"]}}],"collection":[{"href":"https:\/\/www.elregional.cl\/index.php?rest_route=\/wp\/v2\/posts"}],"about":[{"href":"https:\/\/www.elregional.cl\/index.php?rest_route=\/wp\/v2\/types\/post"}],"author":[{"embeddable":true,"href":"https:\/\/www.elregional.cl\/index.php?rest_route=\/wp\/v2\/users\/2"}],"replies":[{"embeddable":true,"href":"https:\/\/www.elregional.cl\/index.php?rest_route=%2Fwp%2Fv2%2Fcomments&post=11517"}],"version-history":[{"count":1,"href":"https:\/\/www.elregional.cl\/index.php?rest_route=\/wp\/v2\/posts\/11517\/revisions"}],"predecessor-version":[{"id":11519,"href":"https:\/\/www.elregional.cl\/index.php?rest_route=\/wp\/v2\/posts\/11517\/revisions\/11519"}],"wp:featuredmedia":[{"embeddable":true,"href":"https:\/\/www.elregional.cl\/index.php?rest_route=\/wp\/v2\/media\/11518"}],"wp:attachment":[{"href":"https:\/\/www.elregional.cl\/index.php?rest_route=%2Fwp%2Fv2%2Fmedia&parent=11517"}],"wp:term":[{"taxonomy":"category","embeddable":true,"href":"https:\/\/www.elregional.cl\/index.php?rest_route=%2Fwp%2Fv2%2Fcategories&post=11517"},{"taxonomy":"post_tag","embeddable":true,"href":"https:\/\/www.elregional.cl\/index.php?rest_route=%2Fwp%2Fv2%2Ftags&post=11517"}],"curies":[{"name":"wp","href":"https:\/\/api.w.org\/{rel}","templated":true}]}}