{"id":11547,"date":"2025-12-16T00:26:21","date_gmt":"2025-12-16T00:26:21","guid":{"rendered":"https:\/\/www.elregional.cl\/?p=11547"},"modified":"2025-12-16T00:26:21","modified_gmt":"2025-12-16T00:26:21","slug":"gobierno-reforzara-presencia-policial-en-zona-costera-de-la-region-de-coquimbo-en-esta-epoca-estival","status":"publish","type":"post","link":"https:\/\/www.elregional.cl\/?p=11547","title":{"rendered":"Gobierno reforzar\u00e1 presencia policial en zona costera de la regi\u00f3n de Coquimbo en esta \u00e9poca estival"},"content":{"rendered":"<div class=\"td_block_wrap tdb_title tdi_48 tdb-single-title td-pb-border-top td_block_template_1\" data-td-block-uid=\"tdi_48\">\n<div class=\"tdb-block-inner td-fix-index\">\n<div><\/div>\n<\/div>\n<\/div>\n<div class=\"td_block_wrap tdb_single_featured_image tdi_54 tdb-content-horiz-left td-pb-border-top td_block_template_1\" data-td-block-uid=\"tdi_54\">\n<div class=\"tdb-block-inner td-fix-index\"><\/div>\n<\/div>\n<div class=\"td_block_wrap tdb_single_content tdi_55 td-pb-border-top td_block_template_1 td-post-content tagdiv-type\" data-td-block-uid=\"tdi_55\">\n<div class=\"tdb-block-inner td-fix-index\">\n<p><em>Se trata de una iniciativa intersectorial que coordina acciones de seguridad y orden p\u00fablico ante el incremento de la poblaci\u00f3n veraniega, integrando refuerzos policiales, servicios preventivos, fiscalizaciones y colaboraci\u00f3n entre servicios p\u00fablicos y municipalidades.<\/em><\/p>\n<p>En la comuna de Coquimbo se llev\u00f3 a cabo el lanzamiento del \u201cPlan Verano Seguro 2025-2026\u201d, el cual fue coordinado, por parte del Gobierno, a trav\u00e9s de la Seremi de Econom\u00eda, Seremi de Seguridad P\u00fablica y SERNATUR con el gremio tur\u00edstico, polic\u00edas y municipalidades, quienes dieron a conocer las acciones concretas que se llevar\u00e1n a cabo en la regi\u00f3n.<\/p>\n<p>Cabe destacar que este plan contempla financiar actividades de orden p\u00fablico y prevenci\u00f3n, incluyendo servicios operativos y de apoyo policial. Esta inversi\u00f3n es muy importante, porque se est\u00e1 reforzando principalmente la seguridad en una zona metropolitana que a\u00f1o a a\u00f1o tiene un gran arribo de turistas y es una de las zonas predilectas para vacacionar.<\/p>\n<p>Al respecto, el Delegado Presidencial de la Regi\u00f3n de Coquimbo, Galo Luna, indic\u00f3 que \u201cagradezco a los 15 municipios, por todo el esfuerzo que est\u00e1n dando para tener mucha seguridad en esta temporada tur\u00edstica, lo mismo que las polic\u00edas carabineros, polic\u00edas de investigaciones, recordando que somos como regi\u00f3n, la segunda regi\u00f3n m\u00e1s visitada por los chilenos y las chilenas en temporada estival, y esperamos que este verano sea tan seguro y exitoso como fue el del a\u00f1o pasado, donde tuvimos un balance muy positivo de parte de todos los gremios\u201d.<\/p>\n<p>La Serena-Coquimbo qued\u00f3 en el 3\u00b0 lugar en ocupaci\u00f3n hotelera en febrero 2025, muy por encima del promedio nacional Que fue un 69,9%. Respecto a la importancia de este plan, la Seremi de Econom\u00eda, Fomento y Turismo, Paulina Elgueta, se\u00f1al\u00f3 que \u201cuna de las riquezas m\u00e1s importantes de nuestra regi\u00f3n es la diversidad de destinos que podemos ofrecer, por lo tanto, nuestra mirada es auspiciosa para este verano. Por otra parte, lo que nosotros ac\u00e1 vemos es que todas las polic\u00edas van a estar a disposici\u00f3n para que los turistas que nos visitan se sientan seguros y tambi\u00e9n acompa\u00f1ados para que puedan tener una grata temporada de ocio y de relajo. Adem\u00e1s, es un mandato del presidente Gabriel Boric que la seguridad se trabaje como un derecho fundamental.\u201d.<\/p>\n<\/div>\n<\/div>\n","protected":false},"excerpt":{"rendered":"<p>Se trata de una iniciativa intersectorial que coordina acciones de seguridad y orden p\u00fablico ante el incremento de la poblaci\u00f3n veraniega, integrando refuerzos policiales, servicios preventivos, fiscalizaciones y colaboraci\u00f3n entre servicios p\u00fablicos y municipalidades. En la comuna de Coquimbo se llev\u00f3 a cabo el lanzamiento del \u201cPlan Verano Seguro 2025-2026\u201d, el cual fue coordinado, por &hellip;<\/p>\n","protected":false},"author":2,"featured_media":11548,"comment_status":"closed","ping_status":"closed","sticky":false,"template":"","format":"standard","meta":{"footnotes":""},"categories":[2],"tags":[],"class_list":["post-11547","post","type-post","status-publish","format-standard","has-post-thumbnail","hentry","category-regionales"],"_links":{"self":[{"href":"https:\/\/www.elregional.cl\/index.php?rest_route=\/wp\/v2\/posts\/11547","targetHints":{"allow":["GET"]}}],"collection":[{"href":"https:\/\/www.elregional.cl\/index.php?rest_route=\/wp\/v2\/posts"}],"about":[{"href":"https:\/\/www.elregional.cl\/index.php?rest_route=\/wp\/v2\/types\/post"}],"author":[{"embeddable":true,"href":"https:\/\/www.elregional.cl\/index.php?rest_route=\/wp\/v2\/users\/2"}],"replies":[{"embeddable":true,"href":"https:\/\/www.elregional.cl\/index.php?rest_route=%2Fwp%2Fv2%2Fcomments&post=11547"}],"version-history":[{"count":1,"href":"https:\/\/www.elregional.cl\/index.php?rest_route=\/wp\/v2\/posts\/11547\/revisions"}],"predecessor-version":[{"id":11549,"href":"https:\/\/www.elregional.cl\/index.php?rest_route=\/wp\/v2\/posts\/11547\/revisions\/11549"}],"wp:featuredmedia":[{"embeddable":true,"href":"https:\/\/www.elregional.cl\/index.php?rest_route=\/wp\/v2\/media\/11548"}],"wp:attachment":[{"href":"https:\/\/www.elregional.cl\/index.php?rest_route=%2Fwp%2Fv2%2Fmedia&parent=11547"}],"wp:term":[{"taxonomy":"category","embeddable":true,"href":"https:\/\/www.elregional.cl\/index.php?rest_route=%2Fwp%2Fv2%2Fcategories&post=11547"},{"taxonomy":"post_tag","embeddable":true,"href":"https:\/\/www.elregional.cl\/index.php?rest_route=%2Fwp%2Fv2%2Ftags&post=11547"}],"curies":[{"name":"wp","href":"https:\/\/api.w.org\/{rel}","templated":true}]}}