{"id":1156,"date":"2024-09-11T21:22:30","date_gmt":"2024-09-11T21:22:30","guid":{"rendered":"https:\/\/www.elregional.cl\/?p=1156"},"modified":"2024-09-11T21:22:30","modified_gmt":"2024-09-11T21:22:30","slug":"carabineros-de-coquimbo-llama-a-la-seguridad-vial-integral-en-visperas-de-fiestas-patrias","status":"publish","type":"post","link":"https:\/\/www.elregional.cl\/?p=1156","title":{"rendered":"Carabineros de Coquimbo llama a la \u00bb Seguridad vial integral\u00bb en v\u00edsperas de Fiestas Patrias."},"content":{"rendered":"<p>Seguridad vial integral. Ese es el principal\u00a0 objetivo durante estas FiestasPatrias para los funcionarios de Carabineros de la regi\u00f3n de Coquimbo, y para ello est\u00e1n\u00a0 trabajando en terreno para fiscalizar, prevenir y educar a conductores, peatones y ciclistas que celebrar\u00e1n en nuestra regi\u00f3n.<\/p>\n<p>En ese contexto personal de Carabineros de la SIAT ( Secci\u00f3n investigadora de accidentes del tr\u00e1nsito) se desplegaron esta jornada por las principales rutas de la regi\u00f3n, especialmente en Avenida del Mar, arterea costera que une Coquimbo y La Serena y entregaron informaci\u00f3n, flayer e instrucciones a los conductores con el fin de evitar los accidentes de tr\u00e1nsito que en cada conmemoraci\u00f3n patria cobran la vida de transe\u00fantes y automovilistas.<\/p>\n","protected":false},"excerpt":{"rendered":"<p>Seguridad vial integral. Ese es el principal\u00a0 objetivo durante estas FiestasPatrias para los funcionarios de Carabineros de la regi\u00f3n de Coquimbo, y para ello est\u00e1n\u00a0 trabajando en terreno para fiscalizar, prevenir y educar a conductores, peatones y ciclistas que celebrar\u00e1n en nuestra regi\u00f3n. En ese contexto personal de Carabineros de la SIAT ( Secci\u00f3n investigadora &hellip;<\/p>\n","protected":false},"author":2,"featured_media":0,"comment_status":"closed","ping_status":"closed","sticky":false,"template":"","format":"standard","meta":{"footnotes":""},"categories":[2],"tags":[],"class_list":["post-1156","post","type-post","status-publish","format-standard","hentry","category-regionales"],"_links":{"self":[{"href":"https:\/\/www.elregional.cl\/index.php?rest_route=\/wp\/v2\/posts\/1156","targetHints":{"allow":["GET"]}}],"collection":[{"href":"https:\/\/www.elregional.cl\/index.php?rest_route=\/wp\/v2\/posts"}],"about":[{"href":"https:\/\/www.elregional.cl\/index.php?rest_route=\/wp\/v2\/types\/post"}],"author":[{"embeddable":true,"href":"https:\/\/www.elregional.cl\/index.php?rest_route=\/wp\/v2\/users\/2"}],"replies":[{"embeddable":true,"href":"https:\/\/www.elregional.cl\/index.php?rest_route=%2Fwp%2Fv2%2Fcomments&post=1156"}],"version-history":[{"count":1,"href":"https:\/\/www.elregional.cl\/index.php?rest_route=\/wp\/v2\/posts\/1156\/revisions"}],"predecessor-version":[{"id":1158,"href":"https:\/\/www.elregional.cl\/index.php?rest_route=\/wp\/v2\/posts\/1156\/revisions\/1158"}],"wp:attachment":[{"href":"https:\/\/www.elregional.cl\/index.php?rest_route=%2Fwp%2Fv2%2Fmedia&parent=1156"}],"wp:term":[{"taxonomy":"category","embeddable":true,"href":"https:\/\/www.elregional.cl\/index.php?rest_route=%2Fwp%2Fv2%2Fcategories&post=1156"},{"taxonomy":"post_tag","embeddable":true,"href":"https:\/\/www.elregional.cl\/index.php?rest_route=%2Fwp%2Fv2%2Ftags&post=1156"}],"curies":[{"name":"wp","href":"https:\/\/api.w.org\/{rel}","templated":true}]}}