{"id":11582,"date":"2025-12-17T23:29:35","date_gmt":"2025-12-17T23:29:35","guid":{"rendered":"https:\/\/www.elregional.cl\/?p=11582"},"modified":"2025-12-17T23:29:35","modified_gmt":"2025-12-17T23:29:35","slug":"denuncias-por-whatsapp-camaras-y-alarmas-comunitarias-se-suman-a-fortalecer-la-seguridad-en-la-serena","status":"publish","type":"post","link":"https:\/\/www.elregional.cl\/?p=11582","title":{"rendered":"Denuncias por whatsApp, c\u00e1maras y alarmas comunitarias se suman a fortalecer la seguridad en La Serena"},"content":{"rendered":"<div class=\"et_pb_module et_pb_post_title et_pb_post_title_0_tb_body et_pb_bg_layout_light  et_pb_text_align_left\">\n<div class=\"et_pb_title_container\">\n<h1 class=\"entry-title\"><\/h1>\n<\/div>\n<\/div>\n<div class=\"et_pb_module et_pb_text et_pb_text_1_tb_body  et_pb_text_align_left et_pb_bg_layout_light\">\n<div class=\"et_pb_text_inner\">El objetivo de este nuevo canal de comunicaci\u00f3n es que la ciudadan\u00eda env\u00ede material audiovisual con denuncias, para ser resueltas por personal municipal o derivadas a las polic\u00edas o fiscal\u00eda, ya que muchas veces se pierden en publicaciones de redes sociales sin tener una respuesta oficial.<\/div>\n<div><\/div>\n<\/div>\n<div class=\"et_pb_module et_pb_post_content et_pb_post_content_0_tb_body\">\n<p>En la plaza Tenri, se realiz\u00f3 la entrega de 34 herramientas de prevenci\u00f3n comunitaria, que benefici\u00f3 a 9 organizaciones del Casco Hist\u00f3rico, adem\u00e1s, se dio a conocer el n\u00famero de WhatsApp\u00a0+569-73345600, donde las personas podr\u00e1n enviar registros visuales sobre denuncias de delitos e incivilidades para el actuar del municipio o las polic\u00edas y evitar que se pierdan en publicaciones de redes sociales sin ser resueltas por las autoridades.<\/p>\n<p>\u201c<em>La entrega de c\u00e1maras y alarmas, m\u00e1s el nuevo n\u00famero de denuncias an\u00f3nimas, se suma a todo el trabajo que nuestro municipio ha venido realizando desde el primer d\u00eda. Yo me propuse recuperar\u00a0<a title=\"\" href=\"http:\/\/www.laserena.cl\/\" target=\"_blank\" rel=\"noopener\">La Serena<\/a>\u00a0y para eso estamos trabajando, con propuestas, con ideas y con acciones tangibles. Esto se suma a los elementos preventivos que ya hemos entregado en otros territorios de la comuna y vendr\u00e1n m\u00e1s, porque queremos que los vecinos se sientan protegidos, adem\u00e1s del punto de seguridad que inauguramos en la Avenida del Mar, que sin duda dar\u00e1 mayor seguridad a los vecinos de ese sector<\/em>\u201d, asegur\u00f3\u00a0la alcaldesa de La Serena, Daniela Norambuena.<\/p>\n<p>\u201c<em>Esta nueva iniciativa impulsada por nuestra alcaldesa Daniela Norambuena, de poner a disposici\u00f3n de nuestros vecinos y vecinas este n\u00famero de WhatsApp de denuncia, completamente an\u00f3nimo, donde podr\u00e1n enviar videos, fotos de situaciones que puedan ser riesgosas en los respectivos barrios. La Direcci\u00f3n de Seguridad Ciudadana tratar\u00e1 la documentaci\u00f3n, videos, informaci\u00f3n de manera discreta y se entregar\u00e1 a las polic\u00edas para su posterior investigaci\u00f3n<\/em>\u201d, coment\u00f3\u00a0Gonzalo Arceu, Seguridad Ciudadana, municipio de La Serena.<\/p>\n<p>A la fecha, se han entregado 7.458 alarmas, todas autoalimentadas y con controles remotos ampliables, junto a 4.980 c\u00e1maras de vigilancia con visi\u00f3n nocturna y detecci\u00f3n de movimiento, administradas desde una aplicaci\u00f3n m\u00f3vil.<\/p>\n<p>Esta nueva entrega es parte de un proyecto de 300 elementos preventivos, por 26 millones de pesos de inversi\u00f3n municipal, que ser\u00e1n entregados en todos los sectores de la comuna a las juntas de vecinos, con el objetivo de fortalecer una red comunitaria de vigilancia que mejora la capacidad de reacci\u00f3n ante situaciones de riesgo.<\/p>\n<p><em>Las c\u00e1maras y las alarmas nos han ayudado a auxiliar no solamente situaciones de robo, sino que tambi\u00e9n a ayudar a los vecinos cuando han tenido una complejidad de salud, ya que un d\u00eda se cay\u00f3 un vecino, hizo sonar la botonera y eso nos sirvi\u00f3 a nosotros para ayudarlo<\/em>\u201d, coment\u00f3\u00a0Cristina Milla, de la Agrupaci\u00f3n de Profesores de La Serena. Por otro lado,\u00a0Roxana Cort\u00e9s,\u00a0presidenta de la Junta de Vecinos Seminario, afirm\u00f3 que \u201c<em>es un gran apoyo, aunque igual hemos estado trabajando siempre con Seguridad Ciudadana en el tema de las c\u00e1maras y de las alarmas. Esto viene a reforzar m\u00e1s el sector, que para el verano transita mucha gente<\/em>\u201d.<\/p>\n<p>El n\u00famero de denuncias gratuito 1457 ha sido un \u00e9xito desde su implementaci\u00f3n, recibiendo a la fecha cerca de 3.200 llamadas telef\u00f3nicas, donde el 50% son atendidas y resueltas por Seguridad Ciudadana. Ahora se suma un nuevo canal de comunicaci\u00f3n, el n\u00famero de WhatsApp +569-73345600, el que pretende recibir denuncias en video de la ciudadan\u00eda y dar una respuesta r\u00e1pida y eficaz, resolviendo con personal municipal, las polic\u00edas o la fiscal\u00eda.<\/p>\n<\/div>\n","protected":false},"excerpt":{"rendered":"<p>El objetivo de este nuevo canal de comunicaci\u00f3n es que la ciudadan\u00eda env\u00ede material audiovisual con denuncias, para ser resueltas por personal municipal o derivadas a las polic\u00edas o fiscal\u00eda, ya que muchas veces se pierden en publicaciones de redes sociales sin tener una respuesta oficial. En la plaza Tenri, se realiz\u00f3 la entrega de &hellip;<\/p>\n","protected":false},"author":2,"featured_media":11583,"comment_status":"closed","ping_status":"closed","sticky":false,"template":"","format":"standard","meta":{"footnotes":""},"categories":[2],"tags":[],"class_list":["post-11582","post","type-post","status-publish","format-standard","has-post-thumbnail","hentry","category-regionales"],"_links":{"self":[{"href":"https:\/\/www.elregional.cl\/index.php?rest_route=\/wp\/v2\/posts\/11582","targetHints":{"allow":["GET"]}}],"collection":[{"href":"https:\/\/www.elregional.cl\/index.php?rest_route=\/wp\/v2\/posts"}],"about":[{"href":"https:\/\/www.elregional.cl\/index.php?rest_route=\/wp\/v2\/types\/post"}],"author":[{"embeddable":true,"href":"https:\/\/www.elregional.cl\/index.php?rest_route=\/wp\/v2\/users\/2"}],"replies":[{"embeddable":true,"href":"https:\/\/www.elregional.cl\/index.php?rest_route=%2Fwp%2Fv2%2Fcomments&post=11582"}],"version-history":[{"count":1,"href":"https:\/\/www.elregional.cl\/index.php?rest_route=\/wp\/v2\/posts\/11582\/revisions"}],"predecessor-version":[{"id":11584,"href":"https:\/\/www.elregional.cl\/index.php?rest_route=\/wp\/v2\/posts\/11582\/revisions\/11584"}],"wp:featuredmedia":[{"embeddable":true,"href":"https:\/\/www.elregional.cl\/index.php?rest_route=\/wp\/v2\/media\/11583"}],"wp:attachment":[{"href":"https:\/\/www.elregional.cl\/index.php?rest_route=%2Fwp%2Fv2%2Fmedia&parent=11582"}],"wp:term":[{"taxonomy":"category","embeddable":true,"href":"https:\/\/www.elregional.cl\/index.php?rest_route=%2Fwp%2Fv2%2Fcategories&post=11582"},{"taxonomy":"post_tag","embeddable":true,"href":"https:\/\/www.elregional.cl\/index.php?rest_route=%2Fwp%2Fv2%2Ftags&post=11582"}],"curies":[{"name":"wp","href":"https:\/\/api.w.org\/{rel}","templated":true}]}}