{"id":11631,"date":"2025-12-19T07:19:31","date_gmt":"2025-12-19T07:19:31","guid":{"rendered":"https:\/\/www.elregional.cl\/?p=11631"},"modified":"2025-12-19T07:19:31","modified_gmt":"2025-12-19T07:19:31","slug":"una-persona-fallece-por-inmersion-en-caleta-puerto-manso-en-la-comuna-de-canela","status":"publish","type":"post","link":"https:\/\/www.elregional.cl\/?p=11631","title":{"rendered":"Una persona fallece por inmersi\u00f3n en Caleta Puerto Manso en la comuna de Canela"},"content":{"rendered":"<p data-start=\"236\" data-end=\"514\"><em><strong>Un tr\u00e1gico hecho se registr\u00f3 durante la tarde de ayer en el sector norte de Caleta Puerto Manso, en la comuna de Canela, luego de que dos personas fueran sorprendidas por una situaci\u00f3n de peligro de inmersi\u00f3n en el borde costero, dejando como saldo una persona fallecida.<\/strong><\/em><\/p>\n<p data-start=\"516\" data-end=\"783\">Seg\u00fan inform\u00f3 el\u00a0<strong data-start=\"533\" data-end=\"586\">Capit\u00e1n de Corbeta Litoral Felipe Castillo Belmar<\/strong>, Capit\u00e1n de Puerto de Los Vilos, la emergencia fue alertada a trav\u00e9s de un llamado al\u00a0<strong data-start=\"673\" data-end=\"712\">n\u00famero de Emergencias Mar\u00edtimas 137<\/strong>, lo que permiti\u00f3 una r\u00e1pida activaci\u00f3n de los protocolos de respuesta.<\/p>\n<p data-start=\"785\" data-end=\"1077\">Ante la denuncia, se dispuso de inmediato el despliegue de una\u00a0<strong data-start=\"848\" data-end=\"883\">patrulla de la Polic\u00eda Mar\u00edtima<\/strong>, junto con el\u00a0<strong data-start=\"898\" data-end=\"945\">zarpe de una embarcaci\u00f3n de pesca artesanal<\/strong>\u00a0que se encontraba en las cercan\u00edas del lugar. Gracias a esta acci\u00f3n coordinada, fue posible rescatar a ambas personas desde el mar.<\/p>\n<p data-start=\"1079\" data-end=\"1272\">No obstante, pese a los esfuerzos realizados, la autoridad mar\u00edtima confirm\u00f3 que\u00a0<strong data-start=\"1160\" data-end=\"1203\">una de las personas rescatadas falleci\u00f3<\/strong>, marcando un lamentable desenlace para este operativode emergencia.<\/p>\n<p data-start=\"1079\" data-end=\"1272\">El fallecido era de la localidad de El Mel\u00f3n, comuna de Nogales y fue identificado como\u00a0<span class=\"_aupe copyable-text xkrh14z\">Cristian Gonzalo Olivares Robledo. Ten\u00eda 48 a\u00f1os y hac\u00eda pr\u00e1ctica de pesca submarina con un amigo. Era trabajador en miner\u00eda, padre de dos hijos y estaba en d\u00edas de descanso de su trabajo en Calama.\u00a0<\/span><\/p>\n<p data-start=\"1274\" data-end=\"1723\">Tras lo ocurrido, el Capit\u00e1n de Puerto hizo un\u00a0<strong data-start=\"1321\" data-end=\"1347\">llamado a la comunidad<\/strong>\u00a0a extremar las medidas de seguridad al concurrir al borde costero, enfatizando la importancia de actuar con responsabilidad y precauci\u00f3n, especialmente en sectores no habilitados o con condiciones de riesgo. Asimismo, reiter\u00f3 el\u00a0<strong data-start=\"1577\" data-end=\"1611\">uso responsable del n\u00famero 137<\/strong>, destinado exclusivamente a emergencias mar\u00edtimas, cuya oportuna utilizaci\u00f3n puede ser clave para salvar vidas.<\/p>\n<p data-start=\"1725\" data-end=\"1819\">El hecho es materia de los procedimientos correspondientes por parte de la Autoridad Mar\u00edtima.<\/p>\n","protected":false},"excerpt":{"rendered":"<p>Un tr\u00e1gico hecho se registr\u00f3 durante la tarde de ayer en el sector norte de Caleta Puerto Manso, en la comuna de Canela, luego de que dos personas fueran sorprendidas por una situaci\u00f3n de peligro de inmersi\u00f3n en el borde costero, dejando como saldo una persona fallecida. Seg\u00fan inform\u00f3 el\u00a0Capit\u00e1n de Corbeta Litoral Felipe Castillo &hellip;<\/p>\n","protected":false},"author":2,"featured_media":11632,"comment_status":"closed","ping_status":"closed","sticky":false,"template":"","format":"standard","meta":{"footnotes":""},"categories":[2],"tags":[],"class_list":["post-11631","post","type-post","status-publish","format-standard","has-post-thumbnail","hentry","category-regionales"],"_links":{"self":[{"href":"https:\/\/www.elregional.cl\/index.php?rest_route=\/wp\/v2\/posts\/11631","targetHints":{"allow":["GET"]}}],"collection":[{"href":"https:\/\/www.elregional.cl\/index.php?rest_route=\/wp\/v2\/posts"}],"about":[{"href":"https:\/\/www.elregional.cl\/index.php?rest_route=\/wp\/v2\/types\/post"}],"author":[{"embeddable":true,"href":"https:\/\/www.elregional.cl\/index.php?rest_route=\/wp\/v2\/users\/2"}],"replies":[{"embeddable":true,"href":"https:\/\/www.elregional.cl\/index.php?rest_route=%2Fwp%2Fv2%2Fcomments&post=11631"}],"version-history":[{"count":1,"href":"https:\/\/www.elregional.cl\/index.php?rest_route=\/wp\/v2\/posts\/11631\/revisions"}],"predecessor-version":[{"id":11633,"href":"https:\/\/www.elregional.cl\/index.php?rest_route=\/wp\/v2\/posts\/11631\/revisions\/11633"}],"wp:featuredmedia":[{"embeddable":true,"href":"https:\/\/www.elregional.cl\/index.php?rest_route=\/wp\/v2\/media\/11632"}],"wp:attachment":[{"href":"https:\/\/www.elregional.cl\/index.php?rest_route=%2Fwp%2Fv2%2Fmedia&parent=11631"}],"wp:term":[{"taxonomy":"category","embeddable":true,"href":"https:\/\/www.elregional.cl\/index.php?rest_route=%2Fwp%2Fv2%2Fcategories&post=11631"},{"taxonomy":"post_tag","embeddable":true,"href":"https:\/\/www.elregional.cl\/index.php?rest_route=%2Fwp%2Fv2%2Ftags&post=11631"}],"curies":[{"name":"wp","href":"https:\/\/api.w.org\/{rel}","templated":true}]}}