{"id":11687,"date":"2025-12-25T17:29:12","date_gmt":"2025-12-25T17:29:12","guid":{"rendered":"https:\/\/www.elregional.cl\/?p=11687"},"modified":"2025-12-25T17:29:12","modified_gmt":"2025-12-25T17:29:12","slug":"concepcion-dio-un-golpe-al-mercado-clubes-del-futbol-chileno-sorprenden-con-fichajes-navidenos","status":"publish","type":"post","link":"https:\/\/www.elregional.cl\/?p=11687","title":{"rendered":"Concepci\u00f3n dio un golpe al mercado: Clubes del f\u00fatbol chileno sorprenden con fichajes navide\u00f1os"},"content":{"rendered":"<div class=\"div_titulo\">\n<h1 id=\"ucDetalle_TituloNoticia\"><\/h1>\n<\/div>\n<div class=\"div_h2\">\n<h5 id=\"ucDetalle_BajadaNoticia\">Emol.cl<\/h5>\n<h5>Siguen las novedades.<\/h5>\n<\/div>\n<div class=\"contenedor_social_emol\"><\/div>\n<div id=\"ucDetalle_CuerpoNoticia\" class=\"cuerpo_noticia cuerpo_noti_height_full\">Ya empieza a hacerse costumbre. Varios clubes del f\u00fatbol chileno\u00a0<b>aprovechan la noche de Navidad para sorprender a sus hinchas<\/b>\u00a0con fichajes como regalos.<\/p>\n<p>Y la noche del 24 de diciembre de este 2025 no fue la excepci\u00f3n y cayeron refuerzos antes de las 12:00 am.<\/p>\n<p><b>El gran golpe lo dio Deportes Concepci\u00f3n que asegur\u00f3 el arribo de Leonardo Valencia<\/b>, quien viene de una gran temporada en Audax Italiano, convirti\u00e9ndose en uno de los goleadores del Torneo. Incluso hubo pol\u00e9mica porque Audax no hac\u00eda esfuerzos para su continuidad.<\/p>\n<div id=\"contRelacionada_1186542\">\n<div class=\"flo_left cont_items_detalle_50\">\n<div class=\"flo_left bor_cont_img_mas_vistas cont_sec_emol sec_mas_vistas_emol cont_noti_rel_single\">\n<div class=\"cont_tit_sec_emol bg_tit_sec bor_tit_sec\"><\/div>\n<\/div>\n<\/div>\n<\/div>\n<div>\u00abDeportes Concepci\u00f3n ha llegado a un principio de acuerdo con el volante Leonardo Valencia. A sus 34 a\u00f1os, el jugador cuenta con una destacada trayectoria que incluye pasos por clubes como Audax Italiano, Palestino, Colo Colo y Botafogo, entre otros, adem\u00e1s de haber sido convocado a la Selecci\u00f3n Chilena. Se integrar\u00e1 al plantel una vez superados sus ex\u00e1menes m\u00e9dicos.\u00bb, escribieron en las redes lilas.<\/p>\n<p>La escuadra penquista\u00a0<b>tambi\u00e9n anunci\u00f3 el arribo del volante Jorge Henr\u00edquez<\/b>, jugador que dej\u00f3 Cobresal y de larga trayectoria en la Primera A.<\/p>\n<p>En el Biob\u00edo siguieron las sorpresas, porque<b>\u00a0Universidad de Concepci\u00f3n confirm\u00f3 el regreso del delantero Cecilio Waterman<\/b>, una de las figuras del campe\u00f3n Coquimbo Unido.<\/p>\n<p>El paname\u00f1o ya hab\u00eda estado en el elenco del Campanil el 2020, en lo que fue su primera temporada en el f\u00fatbol chileno.<\/p>\n<div><\/div>\n<div>\u00abLa espera vali\u00f3 la pena&#8230;\u00a0<b>Bienvenido a casa Cecilio<\/b>&#8230; Abrimos nuestro regalo de Navidad y vuelve a casa nuestro querido Cecilio Waterman\u00bb, anunciaron.<\/div>\n<p><b>Coquimbo Unido<\/b>\u00a0tambi\u00e9n aprovech\u00f3 Noche Buena para realizar un anuncio. El arribo del volante creativo argentino,\u00a0<b>Guido Vadal\u00e1, quien llega desde Blooming de Bolivia<\/b>, donde marc\u00f3 14 goles en la \u00faltima temporada.<\/div>\n<\/div>\n","protected":false},"excerpt":{"rendered":"<p>Emol.cl Siguen las novedades. Ya empieza a hacerse costumbre. Varios clubes del f\u00fatbol chileno\u00a0aprovechan la noche de Navidad para sorprender a sus hinchas\u00a0con fichajes como regalos. Y la noche del 24 de diciembre de este 2025 no fue la excepci\u00f3n y cayeron refuerzos antes de las 12:00 am. El gran golpe lo dio Deportes Concepci\u00f3n &hellip;<\/p>\n","protected":false},"author":2,"featured_media":11688,"comment_status":"closed","ping_status":"closed","sticky":false,"template":"","format":"standard","meta":{"footnotes":""},"categories":[5],"tags":[],"class_list":["post-11687","post","type-post","status-publish","format-standard","has-post-thumbnail","hentry","category-deportes"],"_links":{"self":[{"href":"https:\/\/www.elregional.cl\/index.php?rest_route=\/wp\/v2\/posts\/11687","targetHints":{"allow":["GET"]}}],"collection":[{"href":"https:\/\/www.elregional.cl\/index.php?rest_route=\/wp\/v2\/posts"}],"about":[{"href":"https:\/\/www.elregional.cl\/index.php?rest_route=\/wp\/v2\/types\/post"}],"author":[{"embeddable":true,"href":"https:\/\/www.elregional.cl\/index.php?rest_route=\/wp\/v2\/users\/2"}],"replies":[{"embeddable":true,"href":"https:\/\/www.elregional.cl\/index.php?rest_route=%2Fwp%2Fv2%2Fcomments&post=11687"}],"version-history":[{"count":1,"href":"https:\/\/www.elregional.cl\/index.php?rest_route=\/wp\/v2\/posts\/11687\/revisions"}],"predecessor-version":[{"id":11689,"href":"https:\/\/www.elregional.cl\/index.php?rest_route=\/wp\/v2\/posts\/11687\/revisions\/11689"}],"wp:featuredmedia":[{"embeddable":true,"href":"https:\/\/www.elregional.cl\/index.php?rest_route=\/wp\/v2\/media\/11688"}],"wp:attachment":[{"href":"https:\/\/www.elregional.cl\/index.php?rest_route=%2Fwp%2Fv2%2Fmedia&parent=11687"}],"wp:term":[{"taxonomy":"category","embeddable":true,"href":"https:\/\/www.elregional.cl\/index.php?rest_route=%2Fwp%2Fv2%2Fcategories&post=11687"},{"taxonomy":"post_tag","embeddable":true,"href":"https:\/\/www.elregional.cl\/index.php?rest_route=%2Fwp%2Fv2%2Ftags&post=11687"}],"curies":[{"name":"wp","href":"https:\/\/api.w.org\/{rel}","templated":true}]}}