{"id":11734,"date":"2025-12-27T07:56:51","date_gmt":"2025-12-27T07:56:51","guid":{"rendered":"https:\/\/www.elregional.cl\/?p=11734"},"modified":"2025-12-27T07:56:51","modified_gmt":"2025-12-27T07:56:51","slug":"manuel-monsalve-acusado-de-violacion-y-abuso-sexual-fiscalia-pide-14-anos-de-carcel","status":"publish","type":"post","link":"https:\/\/www.elregional.cl\/?p=11734","title":{"rendered":"Manuel Monsalve acusado de violaci\u00f3n y abuso sexual: Fiscal\u00eda pide 14 a\u00f1os de c\u00e1rcel"},"content":{"rendered":"<header class=\"main-article__header | all:margin-block-end-24\">\n<h1 class=\"main-article__title\"><\/h1>\n<figure class=\"main-article-info__author main-author-card\"><a class=\"main-author-card__media\" href=\"https:\/\/www.radioagricultura.cl\/autor\/constanza-fuentes\/\" data-has-event-static=\"1\"><img loading=\"lazy\" decoding=\"async\" class=\"main-author-card__image | u-aspect-ratio\" src=\"https:\/\/assets.radioagricultura.cl\/avatar-default.png\" alt=\"Constanza Fuentes\" width=\"55\" height=\"55\" \/><\/a><figcaption class=\"main-author-card__caption\"><\/figcaption><\/figure>\n<\/header>\n<div class=\"main-article__body main-layout\">\n<section class=\"main-article__content main-layout__item\">\n<div class=\"main-article__media main-article-media | u-mobile-negative-margin\"><\/div>\n<div class=\"main-article__text main-article-text | js-content-post | all:margin-block-start-20 all:margin-block-end-24\">\n<p data-start=\"194\" data-end=\"429\">La\u00a0<strong data-start=\"197\" data-end=\"236\">Fiscal\u00eda Metropolitana Centro Norte<\/strong>\u00a0present\u00f3 una acusaci\u00f3n formal contra\u00a0<strong data-start=\"274\" data-end=\"293\">Manuel Monsalve<\/strong>, exsubsecretario del Interior, solicitando\u00a0<strong data-start=\"337\" data-end=\"359\">14 a\u00f1os de prisi\u00f3n<\/strong>\u00a0por\u00a0<strong data-start=\"364\" data-end=\"377\">violaci\u00f3n<\/strong>\u00a0y\u00a0<strong data-start=\"380\" data-end=\"396\">abuso sexual<\/strong>\u00a0cometidos contra una subalterna.<\/p>\n<h3 data-start=\"431\" data-end=\"452\">Delitos imputados<\/h3>\n<p data-start=\"454\" data-end=\"577\">La Fiscal\u00eda solicita\u00a0<strong data-start=\"475\" data-end=\"498\">10 a\u00f1os de presidio<\/strong>\u00a0por violaci\u00f3n y\u00a0<strong data-start=\"515\" data-end=\"525\">4 a\u00f1os<\/strong>\u00a0por abuso sexual. La acusaci\u00f3n describe dos hechos:<\/p>\n<ul data-start=\"579\" data-end=\"992\">\n<li data-start=\"579\" data-end=\"786\">\n<p data-start=\"581\" data-end=\"786\"><strong data-start=\"581\" data-end=\"609\">22 de septiembre de 2024<\/strong>: Monsalve habr\u00eda llevado a la v\u00edctima a un restaurante, donde consumieron alcohol, y luego la viol\u00f3 en el\u00a0<strong data-start=\"716\" data-end=\"738\">Hotel Panamericano<\/strong>\u00a0cuando ella estaba incapacitada por el alcohol.<\/p>\n<\/li>\n<li data-start=\"790\" data-end=\"992\">\n<p data-start=\"792\" data-end=\"992\"><strong data-start=\"792\" data-end=\"820\">23 de septiembre de 2024<\/strong>: La v\u00edctima despert\u00f3 desorientada y con se\u00f1ales f\u00edsicas de abuso, constatando que Monsalve estaba desnudo a su lado y hab\u00eda realizado actos sexuales sin su consentimiento.<\/p>\n<\/li>\n<\/ul>\n<h3 data-start=\"994\" data-end=\"1017\">Pruebas y audiencia<\/h3>\n<p data-start=\"1019\" data-end=\"1247\">La Fiscal\u00eda present\u00f3\u00a0<strong data-start=\"1040\" data-end=\"1058\">88 testimonios<\/strong>,\u00a0<strong data-start=\"1060\" data-end=\"1088\">105 pruebas documentales<\/strong>\u00a0y\u00a0<strong data-start=\"1091\" data-end=\"1107\">19 peritajes<\/strong>. La defensa de Monsalve ha solicitado la\u00a0<strong data-start=\"1149\" data-end=\"1183\">reapertura de la investigaci\u00f3n<\/strong>. Si se rechaza, el juicio comenzar\u00e1 el\u00a0<strong data-start=\"1223\" data-end=\"1246\">20 de enero de 2026<\/strong>.<\/p>\n<\/div>\n<\/section>\n<\/div>\n","protected":false},"excerpt":{"rendered":"<p>La\u00a0Fiscal\u00eda Metropolitana Centro Norte\u00a0present\u00f3 una acusaci\u00f3n formal contra\u00a0Manuel Monsalve, exsubsecretario del Interior, solicitando\u00a014 a\u00f1os de prisi\u00f3n\u00a0por\u00a0violaci\u00f3n\u00a0y\u00a0abuso sexual\u00a0cometidos contra una subalterna. Delitos imputados La Fiscal\u00eda solicita\u00a010 a\u00f1os de presidio\u00a0por violaci\u00f3n y\u00a04 a\u00f1os\u00a0por abuso sexual. La acusaci\u00f3n describe dos hechos: 22 de septiembre de 2024: Monsalve habr\u00eda llevado a la v\u00edctima a un restaurante, donde consumieron alcohol, &hellip;<\/p>\n","protected":false},"author":2,"featured_media":11735,"comment_status":"closed","ping_status":"closed","sticky":false,"template":"","format":"standard","meta":{"footnotes":""},"categories":[3],"tags":[],"class_list":["post-11734","post","type-post","status-publish","format-standard","has-post-thumbnail","hentry","category-pais"],"_links":{"self":[{"href":"https:\/\/www.elregional.cl\/index.php?rest_route=\/wp\/v2\/posts\/11734","targetHints":{"allow":["GET"]}}],"collection":[{"href":"https:\/\/www.elregional.cl\/index.php?rest_route=\/wp\/v2\/posts"}],"about":[{"href":"https:\/\/www.elregional.cl\/index.php?rest_route=\/wp\/v2\/types\/post"}],"author":[{"embeddable":true,"href":"https:\/\/www.elregional.cl\/index.php?rest_route=\/wp\/v2\/users\/2"}],"replies":[{"embeddable":true,"href":"https:\/\/www.elregional.cl\/index.php?rest_route=%2Fwp%2Fv2%2Fcomments&post=11734"}],"version-history":[{"count":1,"href":"https:\/\/www.elregional.cl\/index.php?rest_route=\/wp\/v2\/posts\/11734\/revisions"}],"predecessor-version":[{"id":11736,"href":"https:\/\/www.elregional.cl\/index.php?rest_route=\/wp\/v2\/posts\/11734\/revisions\/11736"}],"wp:featuredmedia":[{"embeddable":true,"href":"https:\/\/www.elregional.cl\/index.php?rest_route=\/wp\/v2\/media\/11735"}],"wp:attachment":[{"href":"https:\/\/www.elregional.cl\/index.php?rest_route=%2Fwp%2Fv2%2Fmedia&parent=11734"}],"wp:term":[{"taxonomy":"category","embeddable":true,"href":"https:\/\/www.elregional.cl\/index.php?rest_route=%2Fwp%2Fv2%2Fcategories&post=11734"},{"taxonomy":"post_tag","embeddable":true,"href":"https:\/\/www.elregional.cl\/index.php?rest_route=%2Fwp%2Fv2%2Ftags&post=11734"}],"curies":[{"name":"wp","href":"https:\/\/api.w.org\/{rel}","templated":true}]}}