{"id":11811,"date":"2026-01-03T06:30:52","date_gmt":"2026-01-03T06:30:52","guid":{"rendered":"https:\/\/www.elregional.cl\/?p=11811"},"modified":"2026-01-03T06:30:52","modified_gmt":"2026-01-03T06:30:52","slug":"carabineros-frustra-millonario-envio-de-droga-en-plena-ruta-5-en-los-vilos","status":"publish","type":"post","link":"https:\/\/www.elregional.cl\/?p=11811","title":{"rendered":"Carabineros frustra millonario env\u00edo de droga en plena Ruta 5 en Los Vilos"},"content":{"rendered":"<div class=\"td-post-header\">\n<h1 class=\"entry-title\"><\/h1>\n<\/div>\n<div class=\"td-post-content\">\n<div class=\"flex flex-col text-sm pb-25\">\n<article class=\"text-token-text-primary w-full focus:outline-none [--shadow-height:45px] has-data-writing-block:pointer-events-none has-data-writing-block:-mt-(--shadow-height) has-data-writing-block:pt-(--shadow-height) [&amp;:has([data-writing-block])&gt;*]:pointer-events-auto [content-visibility:auto] supports-[content-visibility:auto]:[contain-intrinsic-size:auto_100lvh] scroll-mt-[calc(var(--header-height)+min(200px,max(70px,20svh)))]\" dir=\"auto\" tabindex=\"-1\" data-turn-id=\"ca7dab47-45a8-439b-ac2c-4db10c217124\" data-testid=\"conversation-turn-2\" data-scroll-anchor=\"true\" data-turn=\"assistant\">\n<div class=\"text-base my-auto mx-auto pb-10 [--thread-content-margin:--spacing(4)] @w-sm\/main:[--thread-content-margin:--spacing(6)] @w-lg\/main:[--thread-content-margin:--spacing(16)] px-(--thread-content-margin)\">\n<div class=\"[--thread-content-max-width:40rem] @w-lg\/main:[--thread-content-max-width:48rem] mx-auto max-w-(--thread-content-max-width) flex-1 group\/turn-messages focus-visible:outline-hidden relative flex w-full min-w-0 flex-col agent-turn\" tabindex=\"-1\">\n<div class=\"flex max-w-full flex-col grow\">\n<div class=\"min-h-8 text-message relative flex w-full flex-col items-end gap-2 text-start break-words whitespace-normal [.text-message+&amp;]:mt-1\" dir=\"auto\" data-message-author-role=\"assistant\" data-message-id=\"862dab49-e881-4425-91da-1ef555a5fe94\" data-message-model-slug=\"gpt-5-2\">\n<div class=\"flex w-full flex-col gap-1 empty:hidden first:pt-[1px]\">\n<div class=\"markdown prose dark:prose-invert w-full break-words light markdown-new-styling\">\n<p data-start=\"113\" data-end=\"480\"><em><strong>Un contundente golpe al narcotr\u00e1fico asest\u00f3 Carabineros en la antesala de las celebraciones de A\u00f1o Nuevo, al impedir que casi una tonelada y media de marihuana llegara a la zona centro del pa\u00eds. El procedimiento se concret\u00f3 en la comuna de Los Vilos, como parte de los permanentes controles carreteros desplegados en la Ruta 5, principal eje de conexi\u00f3n del pa\u00eds.<\/strong><\/em><\/p>\n<p data-start=\"482\" data-end=\"792\">El operativo permiti\u00f3 la incautaci\u00f3n de\u00a0<strong data-start=\"522\" data-end=\"571\">1.463 kilos 525 gramos de marihuana elaborada<\/strong>, droga que era transportada al interior de un\u00a0<strong data-start=\"618\" data-end=\"629\">minib\u00fas<\/strong>\u00a0acondicionado con sacos contenedores. El veh\u00edculo era conducido por un\u00a0<strong data-start=\"701\" data-end=\"736\">ciudadano venezolano de 37 a\u00f1os<\/strong>, quien se encontraba en situaci\u00f3n migratoria irregular.<\/p>\n<p data-start=\"794\" data-end=\"1163\">De acuerdo con lo informado por el\u00a0<strong data-start=\"829\" data-end=\"856\">General Christian Brebi<\/strong>, Jefe de Zona de Carabineros Coquimbo, el \u00e9xito del procedimiento fue resultado de un trabajo coordinado que combin\u00f3\u00a0<strong data-start=\"974\" data-end=\"1050\">an\u00e1lisis de inteligencia, experiencia en terreno y controles focalizados<\/strong>, donde la\u00a0<strong data-start=\"1061\" data-end=\"1088\">Tenencia de Pichidangui<\/strong>\u00a0cumple un rol clave como barrera de control en la salida sur de la regi\u00f3n.<\/p>\n<p data-start=\"1165\" data-end=\"1471\">El despliegue fue reforzado por personal especializado del\u00a0<strong data-start=\"1224\" data-end=\"1238\">OS7 Limar\u00ed<\/strong>, quienes hab\u00edan detectado un patr\u00f3n reiterado en el traslado de droga por la carretera, principalmente mediante\u00a0<strong data-start=\"1351\" data-end=\"1400\">veh\u00edculos de carga conducidos por extranjeros<\/strong>, modalidad que ya hab\u00eda sido identificada en incautaciones anteriores.<\/p>\n<p data-start=\"1473\" data-end=\"2097\">Este decomiso se convierte en el\u00a0<strong data-start=\"1506\" data-end=\"1547\">tercer procedimiento de gran magnitud<\/strong>\u00a0realizado por Carabineros en rutas de la regi\u00f3n de Coquimbo durante el \u00faltimo a\u00f1o, consolidando la efectividad de los controles carreteros como herramienta de prevenci\u00f3n. A comienzos de diciembre, la instituci\u00f3n logr\u00f3 la mayor incautaci\u00f3n de droga procesada en la historia regional, con m\u00e1s de\u00a0<strong data-start=\"1842\" data-end=\"1870\">1.800 kilos de marihuana<\/strong>\u00a0ocultos en un cami\u00f3n que simulaba transportar nitrato de sodio. Meses antes, en mayo, se hab\u00eda concretado otro decomiso superior a\u00a0<strong data-start=\"2002\" data-end=\"2019\">1.3 toneladas<\/strong>\u00a0de marihuana, coca\u00edna y pasta base en el l\u00edmite entre La Serena y La Higuera.<\/p>\n<p data-start=\"2099\" data-end=\"2498\" data-is-last-node=\"\" data-is-only-node=\"\">\u201cEstamos hablando de\u00a0<strong data-start=\"2120\" data-end=\"2153\">casi cinco toneladas de droga<\/strong>\u00a0que no llegaron a los barrios del pa\u00eds. Estos resultados reflejan nuestro compromiso permanente en la lucha contra el crimen organizado y el narcotr\u00e1fico\u201d, destac\u00f3 el General Brebi, subrayando que la estrategia de fiscalizaci\u00f3n en carreteras seguir\u00e1 siendo fortalecida como un pilar clave de\u00a0<strong data-start=\"2446\" data-end=\"2484\">control, intervenci\u00f3n y prevenci\u00f3n<\/strong>\u00a0en la regi\u00f3n.<\/p>\n<p data-start=\"2099\" data-end=\"2498\" data-is-last-node=\"\" data-is-only-node=\"\">David noticias.cl<\/p>\n<\/div>\n<\/div>\n<\/div>\n<\/div>\n<\/div>\n<\/div>\n<\/article>\n<\/div>\n<\/div>\n","protected":false},"excerpt":{"rendered":"<p>Un contundente golpe al narcotr\u00e1fico asest\u00f3 Carabineros en la antesala de las celebraciones de A\u00f1o Nuevo, al impedir que casi una tonelada y media de marihuana llegara a la zona centro del pa\u00eds. El procedimiento se concret\u00f3 en la comuna de Los Vilos, como parte de los permanentes controles carreteros desplegados en la Ruta 5, &hellip;<\/p>\n","protected":false},"author":2,"featured_media":11812,"comment_status":"closed","ping_status":"closed","sticky":false,"template":"","format":"standard","meta":{"footnotes":""},"categories":[2],"tags":[],"class_list":["post-11811","post","type-post","status-publish","format-standard","has-post-thumbnail","hentry","category-regionales"],"_links":{"self":[{"href":"https:\/\/www.elregional.cl\/index.php?rest_route=\/wp\/v2\/posts\/11811","targetHints":{"allow":["GET"]}}],"collection":[{"href":"https:\/\/www.elregional.cl\/index.php?rest_route=\/wp\/v2\/posts"}],"about":[{"href":"https:\/\/www.elregional.cl\/index.php?rest_route=\/wp\/v2\/types\/post"}],"author":[{"embeddable":true,"href":"https:\/\/www.elregional.cl\/index.php?rest_route=\/wp\/v2\/users\/2"}],"replies":[{"embeddable":true,"href":"https:\/\/www.elregional.cl\/index.php?rest_route=%2Fwp%2Fv2%2Fcomments&post=11811"}],"version-history":[{"count":1,"href":"https:\/\/www.elregional.cl\/index.php?rest_route=\/wp\/v2\/posts\/11811\/revisions"}],"predecessor-version":[{"id":11813,"href":"https:\/\/www.elregional.cl\/index.php?rest_route=\/wp\/v2\/posts\/11811\/revisions\/11813"}],"wp:featuredmedia":[{"embeddable":true,"href":"https:\/\/www.elregional.cl\/index.php?rest_route=\/wp\/v2\/media\/11812"}],"wp:attachment":[{"href":"https:\/\/www.elregional.cl\/index.php?rest_route=%2Fwp%2Fv2%2Fmedia&parent=11811"}],"wp:term":[{"taxonomy":"category","embeddable":true,"href":"https:\/\/www.elregional.cl\/index.php?rest_route=%2Fwp%2Fv2%2Fcategories&post=11811"},{"taxonomy":"post_tag","embeddable":true,"href":"https:\/\/www.elregional.cl\/index.php?rest_route=%2Fwp%2Fv2%2Ftags&post=11811"}],"curies":[{"name":"wp","href":"https:\/\/api.w.org\/{rel}","templated":true}]}}