{"id":11815,"date":"2026-01-03T06:47:43","date_gmt":"2026-01-03T06:47:43","guid":{"rendered":"https:\/\/www.elregional.cl\/?p=11815"},"modified":"2026-01-03T06:47:43","modified_gmt":"2026-01-03T06:47:43","slug":"barbara-riveros-encabeza-lista-de-atletas-de-elite-que-estaran-en-el-iroman-70-3-de-pucon","status":"publish","type":"post","link":"https:\/\/www.elregional.cl\/?p=11815","title":{"rendered":"B\u00e1rbara Riveros encabeza lista de atletas de elite que estar\u00e1n en el Iroman 70.3 de Puc\u00f3n"},"content":{"rendered":"<p>La carrera se disputar\u00e1 el pr\u00f3ximo domingo 11 de enero.<\/p>\n<p>B\u00e1rbara Riveros espera liderar la competencia en la serie damas.<\/p>\n<p>Ya est\u00e1 definida la n\u00f3mina de atletas de elite que animar\u00e1n el Ironman de Puc\u00f3n 2026. El grupo es encabezado por la m\u00e1xima carta nacional de la especialidad: B\u00e1rbara Riveros. La seis veces monarca del evento confirm\u00f3 su presencia a la organizaci\u00f3n de la denominada carrera m\u00e1s linda del mundo.<\/p>\n<p>La lista tambi\u00e9n incorpora a la mexicana Cecilia P\u00e9rez, actual monarca de la competencia. La serie femenina adem\u00e1s contar\u00e1 con la presencia de la argentina Romina Biagioli, de la estadounidense Kirsten Kasper y de las chilenas Francisca Garrido y Macarena Salazar.<br \/>\nEn varones tambi\u00e9n hay nombres a considerar. Entre ellos figuran el argentino Luciano Taccone y los estadounidenses Drew Schellenberger, Brad Bischoff y Robbie Deckard. A ellos se sumar\u00e1n los nacionales Diego Moya, Vicente Trewhela, Mart\u00edn Baeza (Temuco), Mart\u00edn Ulloa, Nicol\u00e1s S\u00e1ez, Benjam\u00edn Adriazola y \u00c1ngel Ruiz. La n\u00f3mina fue confirmada por los organizadores del certamen.<\/p>\n<p>\u201cContar con un grupo elite de esta magnitud no solo refleja el crecimiento del triatl\u00f3n en Chile, sino que tambi\u00e9n consolida al Ita\u00fa Ironman 70.3 de Puc\u00f3n como una de las carreras m\u00e1s exigentes y prestigiosas de la regi\u00f3n\u201d, plante\u00f3 Felipe Van de Wyngard, sport manager del certamen.<\/p>\n<p>Soychile.cl<\/p>\n","protected":false},"excerpt":{"rendered":"<p>La carrera se disputar\u00e1 el pr\u00f3ximo domingo 11 de enero. B\u00e1rbara Riveros espera liderar la competencia en la serie damas. Ya est\u00e1 definida la n\u00f3mina de atletas de elite que animar\u00e1n el Ironman de Puc\u00f3n 2026. El grupo es encabezado por la m\u00e1xima carta nacional de la especialidad: B\u00e1rbara Riveros. La seis veces monarca del &hellip;<\/p>\n","protected":false},"author":2,"featured_media":11816,"comment_status":"closed","ping_status":"closed","sticky":false,"template":"","format":"standard","meta":{"footnotes":""},"categories":[5],"tags":[],"class_list":["post-11815","post","type-post","status-publish","format-standard","has-post-thumbnail","hentry","category-deportes"],"_links":{"self":[{"href":"https:\/\/www.elregional.cl\/index.php?rest_route=\/wp\/v2\/posts\/11815","targetHints":{"allow":["GET"]}}],"collection":[{"href":"https:\/\/www.elregional.cl\/index.php?rest_route=\/wp\/v2\/posts"}],"about":[{"href":"https:\/\/www.elregional.cl\/index.php?rest_route=\/wp\/v2\/types\/post"}],"author":[{"embeddable":true,"href":"https:\/\/www.elregional.cl\/index.php?rest_route=\/wp\/v2\/users\/2"}],"replies":[{"embeddable":true,"href":"https:\/\/www.elregional.cl\/index.php?rest_route=%2Fwp%2Fv2%2Fcomments&post=11815"}],"version-history":[{"count":1,"href":"https:\/\/www.elregional.cl\/index.php?rest_route=\/wp\/v2\/posts\/11815\/revisions"}],"predecessor-version":[{"id":11817,"href":"https:\/\/www.elregional.cl\/index.php?rest_route=\/wp\/v2\/posts\/11815\/revisions\/11817"}],"wp:featuredmedia":[{"embeddable":true,"href":"https:\/\/www.elregional.cl\/index.php?rest_route=\/wp\/v2\/media\/11816"}],"wp:attachment":[{"href":"https:\/\/www.elregional.cl\/index.php?rest_route=%2Fwp%2Fv2%2Fmedia&parent=11815"}],"wp:term":[{"taxonomy":"category","embeddable":true,"href":"https:\/\/www.elregional.cl\/index.php?rest_route=%2Fwp%2Fv2%2Fcategories&post=11815"},{"taxonomy":"post_tag","embeddable":true,"href":"https:\/\/www.elregional.cl\/index.php?rest_route=%2Fwp%2Fv2%2Ftags&post=11815"}],"curies":[{"name":"wp","href":"https:\/\/api.w.org\/{rel}","templated":true}]}}