{"id":11877,"date":"2026-01-10T18:02:41","date_gmt":"2026-01-10T18:02:41","guid":{"rendered":"https:\/\/www.elregional.cl\/?p=11877"},"modified":"2026-01-10T18:02:41","modified_gmt":"2026-01-10T18:02:41","slug":"chaleco-lopez-se-ubica-2do-en-la-sexta-etapa-del-rally-dakar","status":"publish","type":"post","link":"https:\/\/www.elregional.cl\/?p=11877","title":{"rendered":"Chaleco L\u00f3pez se ubica 2do en la sexta etapa del Rally Dakar"},"content":{"rendered":"<div class=\"jsx-1642668511 article-head\">\n<div class=\"jsx-1642668511 article-head__info\">\n<h2 class=\"jsx-827253643 article-excerpt\" data-testid=\"article_excerpt\">Chaleco L\u00f3pez ha tenido dos buenos d\u00edas en las etapa marat\u00f3n del Dakar, justo antes del d\u00eda de descanso de la competencia.<\/h2>\n<\/div>\n<\/div>\n<div class=\"jsx-2184777486 article-body\" data-testid=\"article_body\">\n<p>Una dura batalla libr\u00f3\u00a0<strong><a title=\"Francisco Chaleco L\u00f3pez\" href=\"https:\/\/redgol.cl\/tema\/chaleco-lopez\" target=\"_blank\" rel=\"noopener\">Francisco Chaleco L\u00f3pez<\/a><\/strong>\u00a0por estar en el podio de la Etapa 6 en el Rally\u00a0<strong><a title=\"Dakar\" href=\"https:\/\/redgol.cl\/tema\/rally-dakar\" target=\"_blank\" rel=\"noopener\">Dakar<\/a><\/strong>. Tras los 326 kil\u00f3metros de especial por zonas de arena y dunas, finalmente termin\u00f3 tercero a 2 minutos 34 segundos del ganador, el franc\u00e9s Xavier de Soultrait, avanzando el chileno del octavo al sexto lugar en la clasificaci\u00f3n general.<\/p>\n<div>\n<div class=\"i-amphtml-fill-content\"><\/div>\n<\/div>\n<p>Si bien el piloto maulino y su navegante \u00c1lvaro Le\u00f3n se arrimaron a los primeros lugares en la tabla total, la ventaja con el podio qued\u00f3 en 1 hora debido a una penalizaci\u00f3n de 8 minutos y 10 segundos por pasarse de la velocidad m\u00ednima en el enlace.<\/p>\n<p>En la etapa final de la primera parte del evento, De Soultrait gan\u00f3 con 3:59\u201953\u201d, seguido de Kyle Chaney a 02\u201907\u201d y por el curicano a 02\u201934\u201d. En la general contin\u00faa primero el estadounidense Brock Heger con 26 horas 56 minutos 33 segundos. Lo escolta el franc\u00e9s a 32\u201920\u201d y Chaney a 53\u201918\u201d. Chaleco L\u00f3pez qued\u00f3 sexto a 1:53\u201907<\/p>\n<\/div>\n","protected":false},"excerpt":{"rendered":"<p>Chaleco L\u00f3pez ha tenido dos buenos d\u00edas en las etapa marat\u00f3n del Dakar, justo antes del d\u00eda de descanso de la competencia. Una dura batalla libr\u00f3\u00a0Francisco Chaleco L\u00f3pez\u00a0por estar en el podio de la Etapa 6 en el Rally\u00a0Dakar. Tras los 326 kil\u00f3metros de especial por zonas de arena y dunas, finalmente termin\u00f3 tercero a &hellip;<\/p>\n","protected":false},"author":2,"featured_media":11878,"comment_status":"closed","ping_status":"closed","sticky":false,"template":"","format":"standard","meta":{"footnotes":""},"categories":[5],"tags":[],"class_list":["post-11877","post","type-post","status-publish","format-standard","has-post-thumbnail","hentry","category-deportes"],"_links":{"self":[{"href":"https:\/\/www.elregional.cl\/index.php?rest_route=\/wp\/v2\/posts\/11877","targetHints":{"allow":["GET"]}}],"collection":[{"href":"https:\/\/www.elregional.cl\/index.php?rest_route=\/wp\/v2\/posts"}],"about":[{"href":"https:\/\/www.elregional.cl\/index.php?rest_route=\/wp\/v2\/types\/post"}],"author":[{"embeddable":true,"href":"https:\/\/www.elregional.cl\/index.php?rest_route=\/wp\/v2\/users\/2"}],"replies":[{"embeddable":true,"href":"https:\/\/www.elregional.cl\/index.php?rest_route=%2Fwp%2Fv2%2Fcomments&post=11877"}],"version-history":[{"count":1,"href":"https:\/\/www.elregional.cl\/index.php?rest_route=\/wp\/v2\/posts\/11877\/revisions"}],"predecessor-version":[{"id":11879,"href":"https:\/\/www.elregional.cl\/index.php?rest_route=\/wp\/v2\/posts\/11877\/revisions\/11879"}],"wp:featuredmedia":[{"embeddable":true,"href":"https:\/\/www.elregional.cl\/index.php?rest_route=\/wp\/v2\/media\/11878"}],"wp:attachment":[{"href":"https:\/\/www.elregional.cl\/index.php?rest_route=%2Fwp%2Fv2%2Fmedia&parent=11877"}],"wp:term":[{"taxonomy":"category","embeddable":true,"href":"https:\/\/www.elregional.cl\/index.php?rest_route=%2Fwp%2Fv2%2Fcategories&post=11877"},{"taxonomy":"post_tag","embeddable":true,"href":"https:\/\/www.elregional.cl\/index.php?rest_route=%2Fwp%2Fv2%2Ftags&post=11877"}],"curies":[{"name":"wp","href":"https:\/\/api.w.org\/{rel}","templated":true}]}}