{"id":11881,"date":"2026-01-10T18:08:12","date_gmt":"2026-01-10T18:08:12","guid":{"rendered":"https:\/\/www.elregional.cl\/?p=11881"},"modified":"2026-01-10T18:08:12","modified_gmt":"2026-01-10T18:08:12","slug":"cinco-personas-fallecen-en-violento-accidente-en-ruta-de-mejillones","status":"publish","type":"post","link":"https:\/\/www.elregional.cl\/?p=11881","title":{"rendered":"Cinco personas fallecen en violento accidente en ruta de Mejillones"},"content":{"rendered":"<div class=\"et_pb_module et_pb_post_title et_pb_post_title_0_tb_body et_pb_bg_layout_light  et_pb_text_align_left\">\n<div class=\"et_pb_title_container\">\n<h1 class=\"entry-title\"><\/h1>\n<\/div>\n<\/div>\n<div class=\"et_pb_module et_pb_text et_pb_text_1_tb_body  et_pb_text_align_left et_pb_bg_layout_light\">\n<div class=\"et_pb_text_inner\">El lamentable hecho ocurri\u00f3 durante la noche del viernes 09 de enero, cerca del kil\u00f3metro 67 de la Ruta 1, donde impactaron un bus y un autom\u00f3vil, dejando a los cinco ocupantes del veh\u00edculo menor fallecidos.<\/div>\n<\/div>\n<div class=\"et_pb_module et_pb_image et_pb_image_0_tb_body\"><\/div>\n<div class=\"et_pb_module et_pb_post_content et_pb_post_content_0_tb_body\">\n<p>Alrededor de las 21:40 horas del viernes 09 de enero, se registr\u00f3 un accidente de alto impacto, cerca del kil\u00f3metro 67 de la Ruta 1. Al lugar concurri\u00f3 personal de emergencias y Carabineros de la Tenencia de Mejillones. Trat\u00e1ndose\u00a0de la colisi\u00f3n de un bus de transporte personal con 15 ocupantes y un veh\u00edculo menor con cinco personas en su interior.<\/p>\n<p>Por causas que se investigan, el autom\u00f3vil impact\u00f3 el bus y posteriormente volc\u00f3 a un costado de la v\u00eda, dejando a sus cinco ocupantes fallecidos, siendo tres menores de edad y dos adultos.<\/p>\n<p>En el lugar, se suspendi\u00f3 el tr\u00e1nsito con un bypass habilitado, mientras que oficiales de la SIAT de Carabineros realiza las diligencias correspondientes para establecer las causas y origen del lamentable hecho.<\/p>\n<p>En tanto, los 14 pasajeros y conductor del bus de transporte, resultaron sin lesiones<\/p>\n<\/div>\n","protected":false},"excerpt":{"rendered":"<p>El lamentable hecho ocurri\u00f3 durante la noche del viernes 09 de enero, cerca del kil\u00f3metro 67 de la Ruta 1, donde impactaron un bus y un autom\u00f3vil, dejando a los cinco ocupantes del veh\u00edculo menor fallecidos. Alrededor de las 21:40 horas del viernes 09 de enero, se registr\u00f3 un accidente de alto impacto, cerca del &hellip;<\/p>\n","protected":false},"author":2,"featured_media":11882,"comment_status":"closed","ping_status":"closed","sticky":false,"template":"","format":"standard","meta":{"footnotes":""},"categories":[3],"tags":[],"class_list":["post-11881","post","type-post","status-publish","format-standard","has-post-thumbnail","hentry","category-pais"],"_links":{"self":[{"href":"https:\/\/www.elregional.cl\/index.php?rest_route=\/wp\/v2\/posts\/11881","targetHints":{"allow":["GET"]}}],"collection":[{"href":"https:\/\/www.elregional.cl\/index.php?rest_route=\/wp\/v2\/posts"}],"about":[{"href":"https:\/\/www.elregional.cl\/index.php?rest_route=\/wp\/v2\/types\/post"}],"author":[{"embeddable":true,"href":"https:\/\/www.elregional.cl\/index.php?rest_route=\/wp\/v2\/users\/2"}],"replies":[{"embeddable":true,"href":"https:\/\/www.elregional.cl\/index.php?rest_route=%2Fwp%2Fv2%2Fcomments&post=11881"}],"version-history":[{"count":1,"href":"https:\/\/www.elregional.cl\/index.php?rest_route=\/wp\/v2\/posts\/11881\/revisions"}],"predecessor-version":[{"id":11883,"href":"https:\/\/www.elregional.cl\/index.php?rest_route=\/wp\/v2\/posts\/11881\/revisions\/11883"}],"wp:featuredmedia":[{"embeddable":true,"href":"https:\/\/www.elregional.cl\/index.php?rest_route=\/wp\/v2\/media\/11882"}],"wp:attachment":[{"href":"https:\/\/www.elregional.cl\/index.php?rest_route=%2Fwp%2Fv2%2Fmedia&parent=11881"}],"wp:term":[{"taxonomy":"category","embeddable":true,"href":"https:\/\/www.elregional.cl\/index.php?rest_route=%2Fwp%2Fv2%2Fcategories&post=11881"},{"taxonomy":"post_tag","embeddable":true,"href":"https:\/\/www.elregional.cl\/index.php?rest_route=%2Fwp%2Fv2%2Ftags&post=11881"}],"curies":[{"name":"wp","href":"https:\/\/api.w.org\/{rel}","templated":true}]}}