{"id":11887,"date":"2026-01-10T18:19:05","date_gmt":"2026-01-10T18:19:05","guid":{"rendered":"https:\/\/www.elregional.cl\/?p=11887"},"modified":"2026-01-10T18:19:05","modified_gmt":"2026-01-10T18:19:05","slug":"cobresal-suma-a-steffan-pino-como-refuerzo-para-la-temporada-2026","status":"publish","type":"post","link":"https:\/\/www.elregional.cl\/?p=11887","title":{"rendered":"Cobresal suma a Steffan Pino como refuerzo para la temporada 2026"},"content":{"rendered":"<div class=\"et_pb_module et_pb_post_title et_pb_post_title_0_tb_body et_pb_bg_layout_light  et_pb_text_align_left\">\n<div class=\"et_pb_title_container\">\n<h1 class=\"entry-title\"><\/h1>\n<\/div>\n<\/div>\n<div class=\"et_pb_module et_pb_text et_pb_text_1_tb_body  et_pb_text_align_left et_pb_bg_layout_light\">\n<div class=\"et_pb_text_inner\">Cobresal anunci\u00f3 a trav\u00e9s de sus redes sociales la incorporaci\u00f3n del delantero Steffan Pino, quien se convierte en el sexto refuerzo del elenco minero de cara a los desaf\u00edos de la temporada 2026 del f\u00fatbol chileno<\/div>\n<\/div>\n<div><\/div>\n<div class=\"et_pb_module et_pb_post_content et_pb_post_content_0_tb_body\">\n<p data-start=\"0\" data-end=\"458\">El club de El Salvador anunci\u00f3 la incorporaci\u00f3n del delantero nacional Steffan Pino, destacando sus principales cualidades a trav\u00e9s de una publicaci\u00f3n en su cuenta oficial de Instagram. En la presentaci\u00f3n, la instituci\u00f3n resalt\u00f3 la estatura, potencia y capacidad goleadora del atacante, quien con sus 1,99 metros de altura llega proveniente de Deportes Iquique con el objetivo de imponer presencia en el \u00e1rea y aportar fuerza f\u00edsica y juego a\u00e9reo al plantel.<\/p>\n<p data-start=\"460\" data-end=\"850\">Pino, de 31 a\u00f1os, no realiz\u00f3 divisiones inferiores y debut\u00f3 profesionalmente en Deportes Recoleta. A lo largo de su carrera ha defendido las camisetas de Melipilla, Universidad de Concepci\u00f3n, Deportes La Serena, Deportes Copiap\u00f3, Santiago Morning y Deportes Iquique, consolidando una extensa trayectoria en el f\u00fatbol nacional. Adem\u00e1s, registra un partido disputado con la selecci\u00f3n chilena.<\/p>\n<p data-start=\"852\" data-end=\"1122\" data-is-last-node=\"\" data-is-only-node=\"\">De acuerdo con cifras del portal especializado Transfermarkt, el delantero acumula 202 partidos como profesional y 62 goles convertidos, n\u00fameros que respaldan su experiencia y capacidad ofensiva, atributos que el club espera potenciar en esta nueva etapa en El Salvador.<\/p>\n<\/div>\n","protected":false},"excerpt":{"rendered":"<p>Cobresal anunci\u00f3 a trav\u00e9s de sus redes sociales la incorporaci\u00f3n del delantero Steffan Pino, quien se convierte en el sexto refuerzo del elenco minero de cara a los desaf\u00edos de la temporada 2026 del f\u00fatbol chileno El club de El Salvador anunci\u00f3 la incorporaci\u00f3n del delantero nacional Steffan Pino, destacando sus principales cualidades a trav\u00e9s &hellip;<\/p>\n","protected":false},"author":2,"featured_media":11888,"comment_status":"closed","ping_status":"closed","sticky":false,"template":"","format":"standard","meta":{"footnotes":""},"categories":[5],"tags":[],"class_list":["post-11887","post","type-post","status-publish","format-standard","has-post-thumbnail","hentry","category-deportes"],"_links":{"self":[{"href":"https:\/\/www.elregional.cl\/index.php?rest_route=\/wp\/v2\/posts\/11887","targetHints":{"allow":["GET"]}}],"collection":[{"href":"https:\/\/www.elregional.cl\/index.php?rest_route=\/wp\/v2\/posts"}],"about":[{"href":"https:\/\/www.elregional.cl\/index.php?rest_route=\/wp\/v2\/types\/post"}],"author":[{"embeddable":true,"href":"https:\/\/www.elregional.cl\/index.php?rest_route=\/wp\/v2\/users\/2"}],"replies":[{"embeddable":true,"href":"https:\/\/www.elregional.cl\/index.php?rest_route=%2Fwp%2Fv2%2Fcomments&post=11887"}],"version-history":[{"count":1,"href":"https:\/\/www.elregional.cl\/index.php?rest_route=\/wp\/v2\/posts\/11887\/revisions"}],"predecessor-version":[{"id":11889,"href":"https:\/\/www.elregional.cl\/index.php?rest_route=\/wp\/v2\/posts\/11887\/revisions\/11889"}],"wp:featuredmedia":[{"embeddable":true,"href":"https:\/\/www.elregional.cl\/index.php?rest_route=\/wp\/v2\/media\/11888"}],"wp:attachment":[{"href":"https:\/\/www.elregional.cl\/index.php?rest_route=%2Fwp%2Fv2%2Fmedia&parent=11887"}],"wp:term":[{"taxonomy":"category","embeddable":true,"href":"https:\/\/www.elregional.cl\/index.php?rest_route=%2Fwp%2Fv2%2Fcategories&post=11887"},{"taxonomy":"post_tag","embeddable":true,"href":"https:\/\/www.elregional.cl\/index.php?rest_route=%2Fwp%2Fv2%2Ftags&post=11887"}],"curies":[{"name":"wp","href":"https:\/\/api.w.org\/{rel}","templated":true}]}}