{"id":1197,"date":"2024-09-17T05:53:13","date_gmt":"2024-09-17T05:53:13","guid":{"rendered":"https:\/\/www.elregional.cl\/?p=1197"},"modified":"2024-09-17T05:53:13","modified_gmt":"2024-09-17T05:53:13","slug":"vicuna-despidio-a-14-docentes-de-la-educacion-municipal-que-se-acogieron-a-retiro-voluntario","status":"publish","type":"post","link":"https:\/\/www.elregional.cl\/?p=1197","title":{"rendered":"Vicu\u00f1a despidi\u00f3 a 14 docentes de la educaci\u00f3n municipal que se acogieron a retiro voluntario."},"content":{"rendered":"<p><strong><em>En su mayor\u00eda, las y los profesores superan los 30 a\u00f1os al servicio de la educaci\u00f3n p\u00fablica municipal. Docentes con larga trayectoria, que dejaron una huella en sus estudiantes y comunidades educativas, quienes por a\u00f1os entregaron su sabidur\u00eda, ense\u00f1anza, talento y vocaci\u00f3n.<\/em><\/strong><\/p>\n<p>El pasado lunes 9 de septiembre se vivi\u00f3 una emotiva ceremonia en el teatro municipal de Vicu\u00f1a, en la que se despidi\u00f3 a los 14 profesores de la educaci\u00f3n p\u00fablica municipal que se acogieron a la \u201cLey de Incentivo al Retiro Voluntario\u201d.<\/p>\n<p>Se trata de Hern\u00e1n \u00c1lvarez Garrote, Ana Vivian Araya Olivares, Erika Bugue\u00f1o Ortiz, Jorge Guerrero Rojas, Hilda Cecilia Collado Villanueva, Juana Cort\u00e9s Morales, Nancy Cort\u00e9s Sep\u00falveda, Ana Mar\u00eda Dur\u00e1n Martis, Patricia Ramos Adones, Lidia Riveros Arancibia, Yenny Rojas L\u00f3pez, Fernando Saavedra Iglesias, Lorenzo Torres Medina y Juana Zepeda Rojas.<\/p>\n<p>Patricia Ramos Adones ingres\u00f3 al sistema educativo local un 4 de abril de 1990 a la escuela Jos\u00e9 Abelardo N\u00fa\u00f1ez de San Isidro, cumpliendo 34 a\u00f1os al servicio de la educaci\u00f3n p\u00fablica municipal, por lo que para ella, esta ceremonia fue \u201c<strong>muy significativa y que nos reconozcan es hermoso, que vengan los apoderados, colegas, la familia, es muy bonito (\u2026) a m\u00ed me encanta ense\u00f1ar, es mi labor en la vida, ahora tengo que buscar otra. A mis estudiantes que sigan adelante, nunca se rindan, ellos pueden, todos mis ni\u00f1os son muy inteligentes, sacaron el mejor simce de la comuna el a\u00f1o pasado, as\u00ed que pueden lograr todas sus metas\u201d.<\/strong><\/p>\n<p>Juana Cort\u00e9s Morales ingres\u00f3 al sistema educativa local el 17 de abril de 1989, destacando su paso como docente encargada de las escuelas Amelia Barahona Mujica de Gualliguaica y Federico Barnes Payne de Marquesa, culminado en la escuela Andr\u00e9s Pe\u00f1afiel Illanes de La Calera.<\/p>\n","protected":false},"excerpt":{"rendered":"<p>En su mayor\u00eda, las y los profesores superan los 30 a\u00f1os al servicio de la educaci\u00f3n p\u00fablica municipal. Docentes con larga trayectoria, que dejaron una huella en sus estudiantes y comunidades educativas, quienes por a\u00f1os entregaron su sabidur\u00eda, ense\u00f1anza, talento y vocaci\u00f3n. El pasado lunes 9 de septiembre se vivi\u00f3 una emotiva ceremonia en el &hellip;<\/p>\n","protected":false},"author":2,"featured_media":0,"comment_status":"closed","ping_status":"closed","sticky":false,"template":"","format":"standard","meta":{"footnotes":""},"categories":[2],"tags":[],"class_list":["post-1197","post","type-post","status-publish","format-standard","hentry","category-regionales"],"_links":{"self":[{"href":"https:\/\/www.elregional.cl\/index.php?rest_route=\/wp\/v2\/posts\/1197","targetHints":{"allow":["GET"]}}],"collection":[{"href":"https:\/\/www.elregional.cl\/index.php?rest_route=\/wp\/v2\/posts"}],"about":[{"href":"https:\/\/www.elregional.cl\/index.php?rest_route=\/wp\/v2\/types\/post"}],"author":[{"embeddable":true,"href":"https:\/\/www.elregional.cl\/index.php?rest_route=\/wp\/v2\/users\/2"}],"replies":[{"embeddable":true,"href":"https:\/\/www.elregional.cl\/index.php?rest_route=%2Fwp%2Fv2%2Fcomments&post=1197"}],"version-history":[{"count":1,"href":"https:\/\/www.elregional.cl\/index.php?rest_route=\/wp\/v2\/posts\/1197\/revisions"}],"predecessor-version":[{"id":1199,"href":"https:\/\/www.elregional.cl\/index.php?rest_route=\/wp\/v2\/posts\/1197\/revisions\/1199"}],"wp:attachment":[{"href":"https:\/\/www.elregional.cl\/index.php?rest_route=%2Fwp%2Fv2%2Fmedia&parent=1197"}],"wp:term":[{"taxonomy":"category","embeddable":true,"href":"https:\/\/www.elregional.cl\/index.php?rest_route=%2Fwp%2Fv2%2Fcategories&post=1197"},{"taxonomy":"post_tag","embeddable":true,"href":"https:\/\/www.elregional.cl\/index.php?rest_route=%2Fwp%2Fv2%2Ftags&post=1197"}],"curies":[{"name":"wp","href":"https:\/\/api.w.org\/{rel}","templated":true}]}}