{"id":11976,"date":"2026-01-13T04:52:53","date_gmt":"2026-01-13T04:52:53","guid":{"rendered":"https:\/\/www.elregional.cl\/?p=11976"},"modified":"2026-01-13T04:52:53","modified_gmt":"2026-01-13T04:52:53","slug":"rusia-mato-mas-de-2-500-civiles-ucranianos-en-2025-muchos-de-ellos-lejos-de-las-lineas-del-frente-segun-la-onu","status":"publish","type":"post","link":"https:\/\/www.elregional.cl\/?p=11976","title":{"rendered":"Rusia mat\u00f3 m\u00e1s de 2.500 civiles ucranianos en 2025, muchos de ellos lejos de las l\u00edneas del frente, seg\u00fan la ONU"},"content":{"rendered":"<section class=\"layout__top layout-with-rail__top\" data-editable=\"top\" data-track-zone=\"top\">\n<div class=\"headline headline--has-lowertext\" data-uri=\"es.cms.cnn.com\/_components\/headline\/instances\/cmkbshi4x001k26qk7iqoebmp@published\" data-component-name=\"headline\" data-analytics-observe=\"off\">\n<div class=\"headline__wrapper\">\n<h1 id=\"maincontent\" class=\"headline__text inline-placeholder vossi-headline-text\" data-editable=\"headlineText\"><\/h1>\n<\/div>\n<div class=\"headline__footer\">\n<div class=\"headline__options \">\n<div class=\"vossi-social-share social-share\" data-uri=\"es.cms.cnn.com\/_components\/social-share\/instances\/cmkbshi4x001i26qk8qh7hbk4@published\">\n<div class=\"vossi-social-share__share-links social-share social-share__share-links\" data-type=\"share-links\"><\/div>\n<\/div>\n<\/div>\n<\/div>\n<\/div>\n<\/section>\n<section class=\"layout__wrapper layout-with-rail__wrapper\" data-sticky-anchor-pos=\"top\" data-sticky-anchor-condition-type=\"pageType,subsection\" data-sticky-anchor-condition-value=\"article,!elections\" data-sticky-anchor-priority=\"1\">\n<section class=\"layout__main-wrapper layout-with-rail__main-wrapper\">\n<section class=\"layout__main layout-with-rail__main\" data-editable=\"main\" data-track-zone=\"main\" data-reorderable=\"main\">\n<article class=\"article\" role=\"main\" data-uri=\"es.cms.cnn.com\/_components\/article\/instances\/cmkbshi5f001u26qk5jrzaesw@published\" data-component-name=\"article\" data-drag-disable=\"true\" data-unselectable=\"true\" data-show-regwall=\"false\" data-show-paywall=\"false\" data-subscription-only=\"false\">\n<section class=\"body tabcontent active\" data-tabcontent=\"Content\"><main class=\"article__main\"><\/p>\n<div class=\"article__content-container\">\n<div class=\"article__content\" data-editable=\"content\" data-reorderable=\"content\">\n<div class=\"source vossi-source inline-placeholder\" data-uri=\"es.cms.cnn.com\/_components\/source\/instances\/cmkbshi5f001s26qk27u2gzht@published\" data-component-name=\"source\" data-article-gutter=\"true\"><cite class=\"source__cite vossi-source__cite\"><span class=\"source__text\" data-editable=\"source\">CNN<\/span>\u00a0\u2014\u00a0<\/cite><\/div>\n<p class=\"paragraph inline-placeholder vossi-paragraph\" data-uri=\"es.cms.cnn.com\/_components\/paragraph\/instances\/cmkbshi5f001t26qk5axw18b7@published\" data-editable=\"text\" data-component-name=\"paragraph\" data-article-gutter=\"true\" data-analytics-observe=\"on\">La guerra de Rusia en Ucrania alcanz\u00f3 un nuevo: el 2025 fue el a\u00f1o m\u00e1s mort\u00edfero para la poblaci\u00f3n civil desde que comenz\u00f3 la invasi\u00f3n rusa a gran escala en 2022, seg\u00fan un informe publicado este lunes por las Naciones Unidas. La ONU indic\u00f3 que m\u00e1s de 2.500 personas perdieron la vida ese a\u00f1o.<\/p>\n<p class=\"paragraph inline-placeholder vossi-paragraph\" data-uri=\"es.cms.cnn.com\/_components\/paragraph\/instances\/cmkbt8vg20009356njbovf0l7@published\" data-editable=\"text\" data-component-name=\"paragraph\" data-article-gutter=\"true\" data-analytics-observe=\"on\">La Misi\u00f3n de Monitoreo de Derechos Humanos de la ONU en Ucrania dijo que verific\u00f3 que 2.514 civiles murieron y 12.142 resultaron heridos por violencia relacionada con el conflicto en Ucrania en 2025, casi todos ellos en ataques rusos contra zonas controladas por Ucrania.<\/p>\n<div class=\"quantum-wrapper ad-slot-wrapper qtm-element \" data-ad-id=\"ad_rect_btf_06\" data-ad-position=\"mobile\">\n<div><\/div>\n<\/div>\n<p class=\"paragraph inline-placeholder vossi-paragraph\" data-uri=\"es.cms.cnn.com\/_components\/paragraph\/instances\/cmkbt8vg2000a356n9j8jnxmj@published\" data-editable=\"text\" data-component-name=\"paragraph\" data-article-gutter=\"true\" data-analytics-observe=\"on\">El\u00a0<a href=\"https:\/\/ukraine.ohchr.org\/en\/2025-deadliest-year-for-civilians-in-Ukraine-since-2022-UN-human-rights-monitors-find\" target=\"_blank\" rel=\"noopener\">informe de la ONU<\/a>\u00a0muestra claramente que ning\u00fan lugar en Ucrania es seguro: m\u00e1s de un tercio de los civiles que murieron o resultaron heridos se encontraban en zonas alejadas de las l\u00edneas del frente cuando Rusia los atac\u00f3.<\/p>\n<p class=\"paragraph inline-placeholder vossi-paragraph\" data-uri=\"es.cms.cnn.com\/_components\/paragraph\/instances\/cmkbt8vg2000b356nkwja06wh@published\" data-editable=\"text\" data-component-name=\"paragraph\" data-article-gutter=\"true\" data-analytics-observe=\"on\">Rusia ha intensificado su campa\u00f1a de\u00a0<a href=\"https:\/\/cnnespanol.cnn.com\/2026\/01\/09\/mundo\/que-es-el-misil-balistico-oreshnik-lanzado-rusia-ucrania-trax\">ataques a\u00e9reos contra ciudades ucranianas en 2025<\/a>, aterrorizando regularmente a la poblaci\u00f3n civil con grandes asaltos de drones y misiles.<\/p>\n<p class=\"paragraph inline-placeholder vossi-paragraph\" data-uri=\"es.cms.cnn.com\/_components\/paragraph\/instances\/cmkbt8vg2000c356nn6ldu8tw@published\" data-editable=\"text\" data-component-name=\"paragraph\" data-article-gutter=\"true\" data-analytics-observe=\"on\">En uno de estos ataques la semana pasada, Mosc\u00fa lanz\u00f3 242 drones, 14 misiles bal\u00edsticos y 22 misiles de crucero contra m\u00faltiples ciudades en una sola noche, apuntando a la infraestructura energ\u00e9tica civil y dejando a cientos de miles de ucranianos sin electricidad ni calefacci\u00f3n.<\/p>\n<div class=\"ad-slot-dynamic ad-slot-dynamic--1\" data-uri=\"es.cms.cnn.com\/_components\/ad-slot-dynamic\/instances\/sharethrough@published\" data-placement=\"{&quot;mobile&quot;:{&quot;position&quot;:5},&quot;desktop&quot;:{&quot;position&quot;:3}}\" data-unselectable=\"true\"><\/div>\n<p class=\"paragraph inline-placeholder vossi-paragraph\" data-uri=\"es.cms.cnn.com\/_components\/paragraph\/instances\/cmkbt8vg2000d356ndiqyd1kk@published\" data-editable=\"text\" data-component-name=\"paragraph\" data-article-gutter=\"true\" data-analytics-observe=\"on\">La ONU se\u00f1al\u00f3 que el n\u00famero de bajas civiles documentadas en Ucrania el a\u00f1o pasado fue un 31 % mayor que en 2024 y un 70 % mayor que en 20<\/p>\n<p class=\"paragraph inline-placeholder vossi-paragraph\" data-uri=\"es.cms.cnn.com\/_components\/paragraph\/instances\/cmkbt8vg2000e356nj9noynic@published\" data-editable=\"text\" data-component-name=\"paragraph\" data-article-gutter=\"true\" data-analytics-observe=\"on\">\u201cEste aumento se debi\u00f3 no solo a la intensificaci\u00f3n de las hostilidades a lo largo de la l\u00ednea del frente, sino tambi\u00e9n al uso expandido de armas de largo alcance, lo que expuso a los civiles de todo el pa\u00eds a un mayor riesgo\u201d, dijo Danielle Bell, quien encabeza la misi\u00f3n de monitoreo de la ONU en Ucrania.<\/p>\n<\/div>\n<\/div>\n<p><\/main><\/section>\n<\/article>\n<\/section>\n<\/section>\n<\/section>\n","protected":false},"excerpt":{"rendered":"<p>CNN\u00a0\u2014\u00a0 La guerra de Rusia en Ucrania alcanz\u00f3 un nuevo: el 2025 fue el a\u00f1o m\u00e1s mort\u00edfero para la poblaci\u00f3n civil desde que comenz\u00f3 la invasi\u00f3n rusa a gran escala en 2022, seg\u00fan un informe publicado este lunes por las Naciones Unidas. La ONU indic\u00f3 que m\u00e1s de 2.500 personas perdieron la vida ese a\u00f1o. &hellip;<\/p>\n","protected":false},"author":2,"featured_media":11977,"comment_status":"closed","ping_status":"closed","sticky":false,"template":"","format":"standard","meta":{"footnotes":""},"categories":[4],"tags":[],"class_list":["post-11976","post","type-post","status-publish","format-standard","has-post-thumbnail","hentry","category-mundo"],"_links":{"self":[{"href":"https:\/\/www.elregional.cl\/index.php?rest_route=\/wp\/v2\/posts\/11976","targetHints":{"allow":["GET"]}}],"collection":[{"href":"https:\/\/www.elregional.cl\/index.php?rest_route=\/wp\/v2\/posts"}],"about":[{"href":"https:\/\/www.elregional.cl\/index.php?rest_route=\/wp\/v2\/types\/post"}],"author":[{"embeddable":true,"href":"https:\/\/www.elregional.cl\/index.php?rest_route=\/wp\/v2\/users\/2"}],"replies":[{"embeddable":true,"href":"https:\/\/www.elregional.cl\/index.php?rest_route=%2Fwp%2Fv2%2Fcomments&post=11976"}],"version-history":[{"count":1,"href":"https:\/\/www.elregional.cl\/index.php?rest_route=\/wp\/v2\/posts\/11976\/revisions"}],"predecessor-version":[{"id":11978,"href":"https:\/\/www.elregional.cl\/index.php?rest_route=\/wp\/v2\/posts\/11976\/revisions\/11978"}],"wp:featuredmedia":[{"embeddable":true,"href":"https:\/\/www.elregional.cl\/index.php?rest_route=\/wp\/v2\/media\/11977"}],"wp:attachment":[{"href":"https:\/\/www.elregional.cl\/index.php?rest_route=%2Fwp%2Fv2%2Fmedia&parent=11976"}],"wp:term":[{"taxonomy":"category","embeddable":true,"href":"https:\/\/www.elregional.cl\/index.php?rest_route=%2Fwp%2Fv2%2Fcategories&post=11976"},{"taxonomy":"post_tag","embeddable":true,"href":"https:\/\/www.elregional.cl\/index.php?rest_route=%2Fwp%2Fv2%2Ftags&post=11976"}],"curies":[{"name":"wp","href":"https:\/\/api.w.org\/{rel}","templated":true}]}}