{"id":11980,"date":"2026-01-13T05:01:54","date_gmt":"2026-01-13T05:01:54","guid":{"rendered":"https:\/\/www.elregional.cl\/?p=11980"},"modified":"2026-01-13T05:01:54","modified_gmt":"2026-01-13T05:01:54","slug":"investigan-incendio-en-capilla-santa-ana-en-la-serena","status":"publish","type":"post","link":"https:\/\/www.elregional.cl\/?p=11980","title":{"rendered":"Investigan incendio en capilla Santa Ana en La Serena"},"content":{"rendered":"<div class=\"td-post-header\">\n<header class=\"td-post-title\">\n<h1 class=\"entry-title\"><\/h1>\n<\/header>\n<\/div>\n<div class=\"td-post-content\">\n<div class=\"td-post-sharing-top\">\n<div id=\"td_social_sharing_article_top\" class=\"td-post-sharing td-ps-bg td-ps-notext td-post-sharing-style1 \">\n<div class=\"td-post-sharing-visible\">\n<div class=\"td-social-but-icon\"><\/div>\n<\/div>\n<\/div>\n<\/div>\n<p><strong>Personal especializado de la Secci\u00f3n Criminal\u00edstica de Coquimbo se encuentra desplegado en el sector de Las Compa\u00f1\u00edas para investigar las causas del incendio que afect\u00f3 recientemente a la Capilla Santa Ana, un inmueble de alto valor hist\u00f3rico y espiritual para la comunidad local.<\/strong><\/p>\n<p><span id=\"more-203908\"><\/span>Los peritos trabajan actualmente en el levantamiento sistem\u00e1tico de evidencias y la recolecci\u00f3n de muestras biol\u00f3gicas y materiales dentro del recinto. Estas piezas ser\u00e1n sometidas a rigurosos an\u00e1lisis de laboratorio con el objetivo de determinar cient\u00edficamente el origen del fuego y las circunstancias exactas en las que se produjo el siniestro.<\/p>\n<p>Desde la instituci\u00f3n destacaron que cada detalle es fundamental para clarificar los hechos. La metodolog\u00eda utilizada busca no solo identificar si hubo intervenci\u00f3n de terceros, sino tambi\u00e9n ofrecer una resoluci\u00f3n justa y transparente ante un evento que ha causado conmoci\u00f3n en la zona.<\/p>\n<h2 class=\"wp-block-heading\">Un sitio de valor patrimonial<\/h2>\n<p>La Capilla Santa Ana no es solo un centro religioso, sino un punto de referencia hist\u00f3rico en el sector de Las Compa\u00f1\u00edas. Por ello, la investigaci\u00f3n se est\u00e1 llevando a cabo con especial minuciosidad, buscando respuestas que permitan dar tranquilidad a los vecinos y resguardar la memoria del lugar.<\/p>\n<p>\u201cEstamos trabajando en la b\u00fasqueda de elementos cient\u00edficos como levantamiento de muestras para un an\u00e1lisis laboratorio y determinar las causas que envuelven este siniestro\u201d, se\u00f1al\u00f3 el Capit\u00e1n Bruno Bast\u00edas, jefe de Labocar Coquimbo.<\/p>\n<p>Se espera que los resultados de los peritajes qu\u00edmicos y t\u00e9cnicos sean entregados en los pr\u00f3ximos d\u00edas para avanzar en la carpeta investigativa.<\/p>\n<p>LaSerenaonline.cl<\/p>\n<\/div>\n","protected":false},"excerpt":{"rendered":"<p>Personal especializado de la Secci\u00f3n Criminal\u00edstica de Coquimbo se encuentra desplegado en el sector de Las Compa\u00f1\u00edas para investigar las causas del incendio que afect\u00f3 recientemente a la Capilla Santa Ana, un inmueble de alto valor hist\u00f3rico y espiritual para la comunidad local. Los peritos trabajan actualmente en el levantamiento sistem\u00e1tico de evidencias y la &hellip;<\/p>\n","protected":false},"author":2,"featured_media":11982,"comment_status":"closed","ping_status":"closed","sticky":false,"template":"","format":"standard","meta":{"footnotes":""},"categories":[2],"tags":[],"class_list":["post-11980","post","type-post","status-publish","format-standard","has-post-thumbnail","hentry","category-regionales"],"_links":{"self":[{"href":"https:\/\/www.elregional.cl\/index.php?rest_route=\/wp\/v2\/posts\/11980","targetHints":{"allow":["GET"]}}],"collection":[{"href":"https:\/\/www.elregional.cl\/index.php?rest_route=\/wp\/v2\/posts"}],"about":[{"href":"https:\/\/www.elregional.cl\/index.php?rest_route=\/wp\/v2\/types\/post"}],"author":[{"embeddable":true,"href":"https:\/\/www.elregional.cl\/index.php?rest_route=\/wp\/v2\/users\/2"}],"replies":[{"embeddable":true,"href":"https:\/\/www.elregional.cl\/index.php?rest_route=%2Fwp%2Fv2%2Fcomments&post=11980"}],"version-history":[{"count":1,"href":"https:\/\/www.elregional.cl\/index.php?rest_route=\/wp\/v2\/posts\/11980\/revisions"}],"predecessor-version":[{"id":11981,"href":"https:\/\/www.elregional.cl\/index.php?rest_route=\/wp\/v2\/posts\/11980\/revisions\/11981"}],"wp:featuredmedia":[{"embeddable":true,"href":"https:\/\/www.elregional.cl\/index.php?rest_route=\/wp\/v2\/media\/11982"}],"wp:attachment":[{"href":"https:\/\/www.elregional.cl\/index.php?rest_route=%2Fwp%2Fv2%2Fmedia&parent=11980"}],"wp:term":[{"taxonomy":"category","embeddable":true,"href":"https:\/\/www.elregional.cl\/index.php?rest_route=%2Fwp%2Fv2%2Fcategories&post=11980"},{"taxonomy":"post_tag","embeddable":true,"href":"https:\/\/www.elregional.cl\/index.php?rest_route=%2Fwp%2Fv2%2Ftags&post=11980"}],"curies":[{"name":"wp","href":"https:\/\/api.w.org\/{rel}","templated":true}]}}