{"id":12059,"date":"2026-01-26T13:21:50","date_gmt":"2026-01-26T13:21:50","guid":{"rendered":"https:\/\/www.elregional.cl\/?p=12059"},"modified":"2026-01-26T13:21:50","modified_gmt":"2026-01-26T13:21:50","slug":"nueva-via-en-penuelas-mejorara-la-conectividad-habilitan-avenida-amanecer-en-coquimbo","status":"publish","type":"post","link":"https:\/\/www.elregional.cl\/?p=12059","title":{"rendered":"Nueva v\u00eda en Pe\u00f1uelas mejorar\u00e1 la conectividad: habilitan Avenida Amanecer en Coquimbo"},"content":{"rendered":"<div class=\"et_pb_module et_pb_post_title et_pb_post_title_0_tb_body et_pb_bg_layout_light  et_pb_text_align_left\">\n<div class=\"et_pb_title_container\">\n<h1 class=\"entry-title\"><\/h1>\n<\/div>\n<\/div>\n<div class=\"et_pb_module et_pb_text et_pb_text_1_tb_body  et_pb_text_align_left et_pb_bg_layout_light\">\n<div class=\"et_pb_text_inner\">La ejecuci\u00f3n del proyecto incluy\u00f3 calzada, veredas, ciclov\u00eda, luminarias y se\u00f1alizaci\u00f3n en el tramo entre Las Garzas y la v\u00eda local de Ruta 5, generando una nueva alternativa de conexi\u00f3n para el sector Pe\u00f1uelas.<\/div>\n<\/div>\n<div class=\"et_pb_module et_pb_image et_pb_image_0_tb_body\"><\/div>\n<div class=\"et_pb_module et_pb_post_content et_pb_post_content_0_tb_body\">\n<p>El crecimiento habitacional del sector Pe\u00f1uelas y la falta de rutas de conexi\u00f3n hab\u00edan convertido la movilidad en un problema recurrente para residentes y automovilistas. Con el objetivo de mejorar el tr\u00e1nsito y descongestionar las v\u00edas existentes, la Municipalidad de Coquimbo impuls\u00f3 la apertura y pavimentaci\u00f3n de Avenida Amanecer, iniciativa que ya se encuentra operativa.<\/p>\n<p>La medida ha sido recibida positivamente por quienes circulan por la zona, principalmente por el impacto en los tiempos de desplazamiento y en la calidad de vida de las familias. La obra consider\u00f3 una inversi\u00f3n superior a $550 millones provenientes del municipio y contempl\u00f3 la pavimentaci\u00f3n entre la calle de servicio de Ruta 5 y Las Garzas, utilizando una plataforma existente destinada originalmente a evacuaci\u00f3n.<\/p>\n<p>En total, se habilitaron cerca de 300 metros lineales de calzada, una ciclov\u00eda de 2,4 metros, veredas de 5 y 5,25 metros, se\u00f1al\u00e9ticas verticales, demarcaci\u00f3n vial y la rehabilitaci\u00f3n de la iluminaci\u00f3n fotovoltaica, lo que permite el uso seguro del espacio durante la noche.<\/p>\n<\/div>\n","protected":false},"excerpt":{"rendered":"<p>La ejecuci\u00f3n del proyecto incluy\u00f3 calzada, veredas, ciclov\u00eda, luminarias y se\u00f1alizaci\u00f3n en el tramo entre Las Garzas y la v\u00eda local de Ruta 5, generando una nueva alternativa de conexi\u00f3n para el sector Pe\u00f1uelas. El crecimiento habitacional del sector Pe\u00f1uelas y la falta de rutas de conexi\u00f3n hab\u00edan convertido la movilidad en un problema recurrente &hellip;<\/p>\n","protected":false},"author":2,"featured_media":12060,"comment_status":"closed","ping_status":"closed","sticky":false,"template":"","format":"standard","meta":{"footnotes":""},"categories":[2],"tags":[],"class_list":["post-12059","post","type-post","status-publish","format-standard","has-post-thumbnail","hentry","category-regionales"],"_links":{"self":[{"href":"https:\/\/www.elregional.cl\/index.php?rest_route=\/wp\/v2\/posts\/12059","targetHints":{"allow":["GET"]}}],"collection":[{"href":"https:\/\/www.elregional.cl\/index.php?rest_route=\/wp\/v2\/posts"}],"about":[{"href":"https:\/\/www.elregional.cl\/index.php?rest_route=\/wp\/v2\/types\/post"}],"author":[{"embeddable":true,"href":"https:\/\/www.elregional.cl\/index.php?rest_route=\/wp\/v2\/users\/2"}],"replies":[{"embeddable":true,"href":"https:\/\/www.elregional.cl\/index.php?rest_route=%2Fwp%2Fv2%2Fcomments&post=12059"}],"version-history":[{"count":1,"href":"https:\/\/www.elregional.cl\/index.php?rest_route=\/wp\/v2\/posts\/12059\/revisions"}],"predecessor-version":[{"id":12061,"href":"https:\/\/www.elregional.cl\/index.php?rest_route=\/wp\/v2\/posts\/12059\/revisions\/12061"}],"wp:featuredmedia":[{"embeddable":true,"href":"https:\/\/www.elregional.cl\/index.php?rest_route=\/wp\/v2\/media\/12060"}],"wp:attachment":[{"href":"https:\/\/www.elregional.cl\/index.php?rest_route=%2Fwp%2Fv2%2Fmedia&parent=12059"}],"wp:term":[{"taxonomy":"category","embeddable":true,"href":"https:\/\/www.elregional.cl\/index.php?rest_route=%2Fwp%2Fv2%2Fcategories&post=12059"},{"taxonomy":"post_tag","embeddable":true,"href":"https:\/\/www.elregional.cl\/index.php?rest_route=%2Fwp%2Fv2%2Ftags&post=12059"}],"curies":[{"name":"wp","href":"https:\/\/api.w.org\/{rel}","templated":true}]}}